{"id":2839,"date":"2020-06-23T19:17:29","date_gmt":"2020-06-23T19:17:29","guid":{"rendered":"https:\/\/aflux.ro\/?p=2839"},"modified":"2025-04-26T00:17:24","modified_gmt":"2025-04-25T21:17:24","slug":"despre-depresie","status":"publish","type":"post","link":"https:\/\/oanaberdila.com\/en\/despre-depresie\/","title":{"rendered":"Creierul uman si emisferele lui"},"content":{"rendered":"<p><span style=\"font-family: verdana, geneva, sans-serif;\"><\/span><\/p>\r\n<p style=\"text-align: justify;\"><span style=\"font-family: verdana, geneva, sans-serif;\">Creierul uman este un organ complex. La aproximativ 3 kilograme, con\u021bine aproximativ 100 de miliarde de neuroni \u0219i 100 de trilioane de conexiuni. Creierul t\u0103u este cel mai important \u00een controlul a tot ceea ce g\u00e2nde\u0219ti, sim\u021bi \u0219i faci.<\/span><\/p>\r\n<p style=\"text-align: justify;\"><span style=\"font-family: verdana, geneva, sans-serif;\">Creierul t\u0103u este \u00eemp\u0103r\u021bit \u00een dou\u0103 jum\u0103t\u0103\u021bi sau emisfere. \u00cen fiecare jum\u0103tate, anumite regiuni controleaz\u0103 func\u021bii concrete.<\/span><\/p>\r\n<p style=\"text-align: justify;\"><span style=\"font-family: verdana, geneva, sans-serif;\">Cele dou\u0103 p\u0103r\u021bi ale creierului t\u0103u arat\u0103 identic, dar exist\u0103 o diferen\u021b\u0103 imens\u0103 \u00een modul \u00een care proceseaz\u0103 informa\u021biile. \u00cen ciuda stilurilor lor contrastante, cele dou\u0103 jum\u0103t\u0103\u021bi ale creierului t\u0103u nu func\u021bioneaz\u0103 independent una de cealalt\u0103.<\/span><\/p>\r\n<p style=\"text-align: justify;\"><span style=\"font-family: verdana, geneva, sans-serif;\">Diferite p\u0103r\u021bi ale creierului sunt conectate prin fibre nervoase. Dac\u0103 o accidentare cerebral\u0103 a \u00eentrerupt conexiunea \u00eentre p\u0103r\u021bi, po\u021bi func\u021biona \u00een continuare. \u00cens\u0103 lipsa integr\u0103rii ar provoca o depreciere.<\/span><\/p>\r\n<p style=\"text-align: justify;\"><span style=\"font-family: verdana, geneva, sans-serif;\">Creierul uman se reorganizeaz\u0103 constant. Este adaptabil la schimb\u0103ri, fie fizic, fie prin experien\u021b\u0103 de via\u021b\u0103. Este adaptat pentru \u00eenv\u0103\u021bare. Acest proces se nume\u0219te <strong>neuroplasticitate<\/strong>.<\/span><\/p>\r\n<p style=\"text-align: justify;\"><span style=\"font-family: verdana, geneva, sans-serif;\">Teoria este c\u0103 oamenii sunt fie predominant de emisfera stang\u0103, fie de emisfer\u0103 dreapt\u0103a, ceea ce \u00eenseamn\u0103 c\u0103 o parte a creierului lor este dominant\u0103. Dac\u0103 \u00een g\u00e2ndirea ta esti preponderent analitic \u0219i metodic, poti spune ca accesezi \u00een mod obi\u0219nuit mai mult emisfera st\u00e2ng\u0103. Dac\u0103 ai tendin\u021ba de a fi mai creativ, intuitiv, chiar artistic, g\u00e2nde\u0219ti preponderent cu emisfera dreapt\u0103.<\/span><\/p>\r\n<p style=\"text-align: justify;\"><span style=\"font-family: verdana, geneva, sans-serif;\">Aceast\u0103 teorie se bazeaz\u0103 pe faptul c\u0103 cele dou\u0103 emisfere ale creierului func\u021bioneaz\u0103 diferit. Aceasta a ap\u0103rut pentru prima dat\u0103 \u00een anii &#8217;60, datorit\u0103 cercet\u0103rilor psihobiologului \u0219i c\u00e2\u0219tig\u0103torului premiului Nobel Roger W. Sperry.<\/span><\/p>\r\n<table style=\"height: 23px;\" width=\"732\">\r\n<tbody>\r\n<tr>\r\n<td width=\"300\">\r\n<p style=\"text-align: center;\"><span style=\"font-family: verdana, geneva, sans-serif;\"><strong>Emisfera st\u0103nga- Creier digital<\/strong><\/span><\/p>\r\n<\/td>\r\n<td width=\"324\">\r\n<p><span style=\"font-family: verdana, geneva, sans-serif;\"><strong>Emisfera dreapt\u0103 \u2013 Creier analog<\/strong><\/span><\/p>\r\n<\/td>\r\n<\/tr>\r\n<\/tbody>\r\n<\/table>\r\n<p><span style=\"font-family: verdana, geneva, sans-serif;\"><img fetchpriority=\"high\" decoding=\"async\" class=\"alignnone  wp-image-2932\" src=\"https:\/\/aflux.ro\/wp-content\/uploads\/2020\/06\/left-brain-right-brain.jpg-300x230.png\" alt=\"\" width=\"712\" height=\"546\" \/><\/span><\/p>\r\n<table style=\"height: 394px;\" width=\"625\">\r\n<tbody>\r\n<tr>\r\n<td width=\"300\">\r\n<p style=\"text-align: center;\"><span style=\"font-family: verdana, geneva, sans-serif;\">Logic\u0103, ra\u021biune<\/span><\/p>\r\n<p style=\"text-align: center;\"><span style=\"font-family: verdana, geneva, sans-serif;\">secven\u021biere<\/span><\/p>\r\n<p style=\"text-align: center;\"><span style=\"font-family: verdana, geneva, sans-serif;\">g\u00e2ndire liniar\u0103<\/span><\/p>\r\n<p style=\"text-align: center;\"><span style=\"font-family: verdana, geneva, sans-serif;\">matematic\u0103, calcule<\/span><\/p>\r\n<p style=\"text-align: center;\"><span style=\"font-family: verdana, geneva, sans-serif;\">ac\u021biuni\/fapte<\/span><\/p>\r\n<p style=\"text-align: center;\"><span style=\"font-family: verdana, geneva, sans-serif;\">g\u00e2ndirea \u00een cuvinte<\/span><\/p>\r\n<p style=\"text-align: center;\"><span style=\"font-family: verdana, geneva, sans-serif;\">citire<\/span><\/p>\r\n<p style=\"text-align: center;\"><span style=\"font-family: verdana, geneva, sans-serif;\">scriere<\/span><\/p>\r\n<p style=\"text-align: center;\"><span style=\"font-family: verdana, geneva, sans-serif;\"><strong>\u00a0<\/strong><\/span><\/p>\r\n<\/td>\r\n<td width=\"324\">\r\n<p style=\"text-align: center;\"><span style=\"font-family: verdana, geneva, sans-serif;\">Emotii, sentimente<\/span><\/p>\r\n<p style=\"text-align: center;\"><span style=\"font-family: verdana, geneva, sans-serif;\">imagina\u021bie<\/span><\/p>\r\n<p style=\"text-align: center;\"><span style=\"font-family: verdana, geneva, sans-serif;\">g\u00e2ndire holistic\u0103<\/span><\/p>\r\n<p style=\"text-align: center;\"><span style=\"font-family: verdana, geneva, sans-serif;\">intui\u0163ie<\/span><\/p>\r\n<p style=\"text-align: center;\"><span style=\"font-family: verdana, geneva, sans-serif;\">arte<\/span><\/p>\r\n<p style=\"text-align: center;\"><span style=\"font-family: verdana, geneva, sans-serif;\">ritm<\/span><\/p>\r\n<p style=\"text-align: center;\"><span style=\"font-family: verdana, geneva, sans-serif;\">indicii nonverbale<\/span><\/p>\r\n<p style=\"text-align: center;\"><span style=\"font-family: verdana, geneva, sans-serif;\">vizualizarea sentimentelor<\/span><\/p>\r\n<p style=\"text-align: center;\"><span style=\"font-family: verdana, geneva, sans-serif;\">visare cu ochii deschi\u0219i<\/span><\/p>\r\n<\/td>\r\n<\/tr>\r\n<\/tbody>\r\n<\/table>\r\n<p><span style=\"font-family: verdana, geneva, sans-serif;\"><strong>\u00a0<\/strong><strong>Emisfera st\u00e2ng\u0103<\/strong> este mai verbal\u0103, analitic\u0103 \u0219i ordonat\u0103 dec\u00e2t emisfera dreapt\u0103. Uneori se nume\u0219te <strong>creier digital<\/strong>. Este mai bun\u0103 la lucruri precum citirea, scrierea \u0219i calculele.<\/span><\/p>\r\n<p><span style=\"font-family: verdana, geneva, sans-serif;\">Conform cercet\u0103rilor datate de Sperry, emisfera st\u00e2ng\u0103 este responsabil\u0103 de:<\/span><\/p>\r\n<p><span style=\"font-family: verdana, geneva, sans-serif;\">logic\u0103<\/span><\/p>\r\n<p><span style=\"font-family: verdana, geneva, sans-serif;\">secven\u021biere<\/span><\/p>\r\n<p><span style=\"font-family: verdana, geneva, sans-serif;\">g\u00e2ndire liniar\u0103<\/span><\/p>\r\n<p><span style=\"font-family: verdana, geneva, sans-serif;\">matematic\u0103<\/span><\/p>\r\n<p><span style=\"font-family: verdana, geneva, sans-serif;\">fapte<\/span><\/p>\r\n<p><span style=\"font-family: verdana, geneva, sans-serif;\">g\u00e2ndirea \u00een cuvinte<\/span><\/p>\r\n<p><span style=\"font-family: verdana, geneva, sans-serif;\"><strong>Emisfera drept\u0103<\/strong> este mai vizual\u0103 \u0219i mai intuitiv\u0103. Uneori este denumit\u0103 <strong>creier analog<\/strong>. Are un mod de g\u00e2ndire mai creativ \u0219i mai pu\u021bin organizat.<\/span><\/p>\r\n<p><span style=\"font-family: verdana, geneva, sans-serif;\">Cercet\u0103rile datate de Sperry sugereaz\u0103 c\u0103 emisfera dreapt\u0103 este responsabil\u0103 de:<\/span><\/p>\r\n<p><span style=\"font-family: verdana, geneva, sans-serif;\">imagina\u021bie<\/span><\/p>\r\n<p><span style=\"font-family: verdana, geneva, sans-serif;\">g\u00e2ndire holistic\u0103<\/span><\/p>\r\n<p><span style=\"font-family: verdana, geneva, sans-serif;\">intui\u0163ie<\/span><\/p>\r\n<p><span style=\"font-family: verdana, geneva, sans-serif;\">arte<\/span><\/p>\r\n<p><span style=\"font-family: verdana, geneva, sans-serif;\">ritm<\/span><\/p>\r\n<p><span style=\"font-family: verdana, geneva, sans-serif;\">indicii nonverbale<\/span><\/p>\r\n<p><span style=\"font-family: verdana, geneva, sans-serif;\">vizualizarea sentimentelor<\/span><\/p>\r\n<p><span style=\"font-family: verdana, geneva, sans-serif;\">visare cu ochii deschi\u0219i<\/span><\/p>\r\n<p style=\"text-align: justify;\"><span style=\"font-family: verdana, geneva, sans-serif;\">\u0218tim c\u0103 cele dou\u0103 p\u0103r\u021bi ale creierului nostru sunt diferite, dar asta implic\u0103 neap\u0103rat c\u0103 acces\u0103m mai mult o emisfer\u0103 dec\u0103t cealalt\u0103, la fel cum avem o m\u00e2n\u0103 dominant\u0103?<\/span><\/p>\r\n<p style=\"text-align: justify;\"><span style=\"font-family: verdana, geneva, sans-serif;\">O echip\u0103 de neurologi \u0219i-a propus s\u0103 testeze aceast\u0103 premis\u0103. Dup\u0103 o analiz\u0103 de doi ani, nu au g\u0103sit nicio dovad\u0103 c\u0103 aceast\u0103 teorie este corect\u0103. Imagistica prin rezonan\u021b\u0103 magnetic\u0103 a 1.000 de persoane a dezv\u0103luit c\u0103 creierul uman nu favorizeaz\u0103 de fapt o parte fa\u021b\u0103 de cealalt\u0103. Re\u021belele neuronale dintr-o parte nu sunt, \u00een general, mai puternice dec\u00e2t re\u021belele neuronale din cealalt\u0103 parte.<\/span><\/p>\r\n<p style=\"text-align: justify;\"><span style=\"font-family: verdana, geneva, sans-serif;\">Cele dou\u0103 emisfere sunt legate \u00eentre ele prin pachete de fibre nervoase, cre\u00e2nd o autostrad\u0103 de informare, asa numitele sinapse neuronale. De\u0219i cele dou\u0103 p\u0103r\u021bi func\u021bioneaz\u0103 diferit, ele lucreaz\u0103 \u00eempreun\u0103 \u0219i se completeaz\u0103 reciproc. Nu \u00ee\u021bi folose\u0219ti o singur\u0103 parte a creierului la un moment dat.<\/span><\/p>\r\n<p style=\"text-align: justify;\"><span style=\"font-family: verdana, geneva, sans-serif;\">Indiferent dac\u0103 \u00eendepline\u0219ti o func\u021bie logic\u0103 sau creativ\u0103, prime\u0219ti informa\u021bii din ambele p\u0103r\u021bi ale creierului. De exemplu, emisfera st\u00e2ng\u0103 este creditat\u0103 cu limbajul, dar emisfera drept\u0103 te ajut\u0103 s\u0103 \u00een\u021belege\u021bi contextul \u0219i tonul. Emisfera st\u00e2ng\u0103 solu\u021bioneaz\u0103 ecua\u021biile matematice, dar emisfera drept\u0103 te ajut\u0103 s\u0103 faci compara\u021bii \u0219i estim\u0103ri.<\/span><\/p>\r\n<p style=\"text-align: justify;\"><span style=\"font-family: verdana, geneva, sans-serif;\">Tr\u0103s\u0103turile generale de personalitate, preferin\u021bele individuale sau stilul de \u00eenv\u0103\u021bare nu se traduc \u00a0\u00een ideea c\u0103 e\u0219ti dominant emisfer\u0103 dreapt\u0103 sau st\u00e2ng\u0103.<\/span><\/p>\r\n<p style=\"text-align: justify;\"><span style=\"font-family: verdana, geneva, sans-serif;\">Cu toate acestea, este cert faptul c\u0103 cele dou\u0103 p\u0103r\u021bi ale creierului t\u0103u sunt diferite \u0219i anumite zone ale creierului t\u0103u au specialit\u0103\u021bi. Domeniile exacte ale unor func\u021bii pot varia un pic de la o persoan\u0103 la alta. \u0218i ideal este s\u0103-ti exersezi ambele emisfere pentru a g\u00e2ndi, sim\u021bi, ac\u021biona si a tr\u0103i in echilibru de sine.<\/span><\/p>\r\n<p style=\"text-align: justify;\"><span style=\"font-family: verdana, geneva, sans-serif;\">\u00cencepe prin a identifica ce emisfer\u0103 dominant\u0103 ai, apoi con\u0219tient, alege s\u0103 introduci \u00een via\u021ba ta activit\u0103\u021bi noi, ac\u021biuni concrete care s\u0103-ti antreneze emisfera pe care astazi o accesezi mai pu\u021bin. Astfel creezi sinapse neuronale noi, deci instalezi prin repeti\u021bie programe subcon\u0219tiente noi care-\u021bi vor u\u0219ura via\u021ba \u0219i starea interioar\u0103 de bine, sentimentul ca e\u0219ti \u00een control de sine si ca ai solutii pentru orice situatie extern\u0103 asupra c\u0103reia \u0219tii, f\u0103r\u0103 echivoc, c\u0103 nu ai absolut nici un control.<\/span><\/p>\r\n<p><span style=\"font-family: verdana, geneva, sans-serif;\">Cea mai bun\u0103 metod\u0103 de inv\u0103tare este prin joac\u0103: te provoc s\u0103 te descoperi\u00a0<span class=\"_5mfr\"><span class=\"_6qdm\">\ud83e\uddff<\/span><\/span><\/span><\/p>\r\n<p><iframe title=\"11 Optical Illusions That&#039;ll Reveal Your Personality Type\" width=\"800\" height=\"450\" src=\"https:\/\/www.youtube.com\/embed\/Dq0gmzTDqaA?start=30&#038;feature=oembed\" frameborder=\"0\" allow=\"accelerometer; autoplay; clipboard-write; encrypted-media; gyroscope; picture-in-picture; web-share\" referrerpolicy=\"strict-origin-when-cross-origin\" allowfullscreen><\/iframe><\/p>\r\n<p><span style=\"font-family: verdana, geneva, sans-serif;\"><\/span><\/p>","protected":false},"excerpt":{"rendered":"<p>Creierul uman este un organ complex. La aproximativ 3 kilograme, con\u021bine aproximativ 100 de miliarde de neuroni \u0219i 100 de trilioane de conexiuni. Creierul t\u0103u este cel mai important \u00een controlul a tot ceea ce g\u00e2nde\u0219ti, sim\u021bi \u0219i faci. Creierul t\u0103u este \u00eemp\u0103r\u021bit \u00een dou\u0103 jum\u0103t\u0103\u021bi sau emisfere. \u00cen fiecare jum\u0103tate, anumite regiuni controleaz\u0103 func\u021bii [&hellip;]<\/p>","protected":false},"author":1,"featured_media":5664,"comment_status":"open","ping_status":"open","sticky":false,"template":"","format":"standard","meta":{"_acf_changed":false,"footnotes":""},"categories":[1],"tags":[],"class_list":["post-2839","post","type-post","status-publish","format-standard","has-post-thumbnail","hentry","category-articole"],"acf":[],"yoast_head":"<!-- This site is optimized with the Yoast SEO plugin v26.4 - https:\/\/yoast.com\/wordpress\/plugins\/seo\/ -->\n<title>Creierul uman si emisferele lui - Oana Berdil\u0103<\/title>\n<meta name=\"robots\" content=\"index, follow, max-snippet:-1, max-image-preview:large, max-video-preview:-1\" \/>\n<link rel=\"canonical\" href=\"https:\/\/oanaberdila.com\/en\/despre-depresie\/\" \/>\n<meta property=\"og:locale\" content=\"en_US\" \/>\n<meta property=\"og:type\" content=\"article\" \/>\n<meta property=\"og:title\" content=\"Creierul uman si emisferele lui - Oana Berdil\u0103\" \/>\n<meta property=\"og:description\" content=\"Creierul uman este un organ complex. La aproximativ 3 kilograme, con\u021bine aproximativ 100 de miliarde de neuroni \u0219i 100 de trilioane de conexiuni. Creierul t\u0103u este cel mai important \u00een controlul a tot ceea ce g\u00e2nde\u0219ti, sim\u021bi \u0219i faci. Creierul t\u0103u este \u00eemp\u0103r\u021bit \u00een dou\u0103 jum\u0103t\u0103\u021bi sau emisfere. \u00cen fiecare jum\u0103tate, anumite regiuni controleaz\u0103 func\u021bii [&hellip;]\" \/>\n<meta property=\"og:url\" content=\"https:\/\/oanaberdila.com\/en\/despre-depresie\/\" \/>\n<meta property=\"og:site_name\" content=\"Oana Berdil\u0103\" \/>\n<meta property=\"article:published_time\" content=\"2020-06-23T19:17:29+00:00\" \/>\n<meta property=\"article:modified_time\" content=\"2025-04-25T21:17:24+00:00\" \/>\n<meta property=\"og:image\" content=\"https:\/\/oanaberdila.com\/wp-content\/uploads\/2020\/06\/right-brain-left-brain.jpg\" \/>\n\t<meta property=\"og:image:width\" content=\"598\" \/>\n\t<meta property=\"og:image:height\" content=\"441\" \/>\n\t<meta property=\"og:image:type\" content=\"image\/jpeg\" \/>\n<meta name=\"author\" content=\"oana\" \/>\n<meta name=\"twitter:card\" content=\"summary_large_image\" \/>\n<meta name=\"twitter:label1\" content=\"Written by\" \/>\n\t<meta name=\"twitter:data1\" content=\"oana\" \/>\n\t<meta name=\"twitter:label2\" content=\"Est. reading time\" \/>\n\t<meta name=\"twitter:data2\" content=\"5 minutes\" \/>\n<script type=\"application\/ld+json\" class=\"yoast-schema-graph\">{\"@context\":\"https:\/\/schema.org\",\"@graph\":[{\"@type\":\"Article\",\"@id\":\"https:\/\/oanaberdila.com\/despre-depresie\/#article\",\"isPartOf\":{\"@id\":\"https:\/\/oanaberdila.com\/despre-depresie\/\"},\"author\":{\"name\":\"oana\",\"@id\":\"https:\/\/oanaberdila.com\/#\/schema\/person\/d909dc4967ee8fcc5e5b3494d2bf168f\"},\"headline\":\"Creierul uman si emisferele lui\",\"datePublished\":\"2020-06-23T19:17:29+00:00\",\"dateModified\":\"2025-04-25T21:17:24+00:00\",\"mainEntityOfPage\":{\"@id\":\"https:\/\/oanaberdila.com\/despre-depresie\/\"},\"wordCount\":877,\"commentCount\":0,\"publisher\":{\"@id\":\"https:\/\/oanaberdila.com\/#organization\"},\"image\":{\"@id\":\"https:\/\/oanaberdila.com\/despre-depresie\/#primaryimage\"},\"thumbnailUrl\":\"https:\/\/oanaberdila.com\/wp-content\/uploads\/2020\/06\/right-brain-left-brain.jpg\",\"articleSection\":[\"Articole\"],\"inLanguage\":\"en-US\",\"potentialAction\":[{\"@type\":\"CommentAction\",\"name\":\"Comment\",\"target\":[\"https:\/\/oanaberdila.com\/despre-depresie\/#respond\"]}]},{\"@type\":\"WebPage\",\"@id\":\"https:\/\/oanaberdila.com\/despre-depresie\/\",\"url\":\"https:\/\/oanaberdila.com\/despre-depresie\/\",\"name\":\"Creierul uman si emisferele lui - Oana Berdil\u0103\",\"isPartOf\":{\"@id\":\"https:\/\/oanaberdila.com\/#website\"},\"primaryImageOfPage\":{\"@id\":\"https:\/\/oanaberdila.com\/despre-depresie\/#primaryimage\"},\"image\":{\"@id\":\"https:\/\/oanaberdila.com\/despre-depresie\/#primaryimage\"},\"thumbnailUrl\":\"https:\/\/oanaberdila.com\/wp-content\/uploads\/2020\/06\/right-brain-left-brain.jpg\",\"datePublished\":\"2020-06-23T19:17:29+00:00\",\"dateModified\":\"2025-04-25T21:17:24+00:00\",\"breadcrumb\":{\"@id\":\"https:\/\/oanaberdila.com\/despre-depresie\/#breadcrumb\"},\"inLanguage\":\"en-US\",\"potentialAction\":[{\"@type\":\"ReadAction\",\"target\":[\"https:\/\/oanaberdila.com\/despre-depresie\/\"]}]},{\"@type\":\"ImageObject\",\"inLanguage\":\"en-US\",\"@id\":\"https:\/\/oanaberdila.com\/despre-depresie\/#primaryimage\",\"url\":\"https:\/\/oanaberdila.com\/wp-content\/uploads\/2020\/06\/right-brain-left-brain.jpg\",\"contentUrl\":\"https:\/\/oanaberdila.com\/wp-content\/uploads\/2020\/06\/right-brain-left-brain.jpg\",\"width\":598,\"height\":441},{\"@type\":\"BreadcrumbList\",\"@id\":\"https:\/\/oanaberdila.com\/despre-depresie\/#breadcrumb\",\"itemListElement\":[{\"@type\":\"ListItem\",\"position\":1,\"name\":\"Prima pagin\u0103\",\"item\":\"https:\/\/oanaberdila.com\/\"},{\"@type\":\"ListItem\",\"position\":2,\"name\":\"Creierul uman si emisferele lui\"}]},{\"@type\":\"WebSite\",\"@id\":\"https:\/\/oanaberdila.com\/#website\",\"url\":\"https:\/\/oanaberdila.com\/\",\"name\":\"Oana Berdil\u0103\",\"description\":\"Be SMART by HEART inspirational neurocoaching with Oana Berdil\u0103\",\"publisher\":{\"@id\":\"https:\/\/oanaberdila.com\/#organization\"},\"potentialAction\":[{\"@type\":\"SearchAction\",\"target\":{\"@type\":\"EntryPoint\",\"urlTemplate\":\"https:\/\/oanaberdila.com\/?s={search_term_string}\"},\"query-input\":{\"@type\":\"PropertyValueSpecification\",\"valueRequired\":true,\"valueName\":\"search_term_string\"}}],\"inLanguage\":\"en-US\"},{\"@type\":\"Organization\",\"@id\":\"https:\/\/oanaberdila.com\/#organization\",\"name\":\"Oana Berdil\u0103\",\"url\":\"https:\/\/oanaberdila.com\/\",\"logo\":{\"@type\":\"ImageObject\",\"inLanguage\":\"en-US\",\"@id\":\"https:\/\/oanaberdila.com\/#\/schema\/logo\/image\/\",\"url\":\"https:\/\/oanaberdila.com\/wp-content\/uploads\/2021\/03\/New-logo-NSROana.png\",\"contentUrl\":\"https:\/\/oanaberdila.com\/wp-content\/uploads\/2021\/03\/New-logo-NSROana.png\",\"width\":1024,\"height\":1024,\"caption\":\"Oana Berdil\u0103\"},\"image\":{\"@id\":\"https:\/\/oanaberdila.com\/#\/schema\/logo\/image\/\"}},{\"@type\":\"Person\",\"@id\":\"https:\/\/oanaberdila.com\/#\/schema\/person\/d909dc4967ee8fcc5e5b3494d2bf168f\",\"name\":\"oana\",\"image\":{\"@type\":\"ImageObject\",\"inLanguage\":\"en-US\",\"@id\":\"https:\/\/oanaberdila.com\/#\/schema\/person\/image\/\",\"url\":\"https:\/\/oanaberdila.com\/wp-content\/litespeed\/avatar\/3d945f36232b6fb694a9fd2c42a545b8.jpg?ver=1777288582\",\"contentUrl\":\"https:\/\/oanaberdila.com\/wp-content\/litespeed\/avatar\/3d945f36232b6fb694a9fd2c42a545b8.jpg?ver=1777288582\",\"caption\":\"oana\"},\"sameAs\":[\"https:\/\/oanaberdila.com\"],\"url\":\"https:\/\/oanaberdila.com\/en\/author\/oana\/\"}]}<\/script>\n<!-- \/ Yoast SEO plugin. -->","yoast_head_json":{"title":"Creierul uman si emisferele lui - Oana Berdil\u0103","robots":{"index":"index","follow":"follow","max-snippet":"max-snippet:-1","max-image-preview":"max-image-preview:large","max-video-preview":"max-video-preview:-1"},"canonical":"https:\/\/oanaberdila.com\/en\/despre-depresie\/","og_locale":"en_US","og_type":"article","og_title":"Creierul uman si emisferele lui - Oana Berdil\u0103","og_description":"Creierul uman este un organ complex. La aproximativ 3 kilograme, con\u021bine aproximativ 100 de miliarde de neuroni \u0219i 100 de trilioane de conexiuni. Creierul t\u0103u este cel mai important \u00een controlul a tot ceea ce g\u00e2nde\u0219ti, sim\u021bi \u0219i faci. Creierul t\u0103u este \u00eemp\u0103r\u021bit \u00een dou\u0103 jum\u0103t\u0103\u021bi sau emisfere. \u00cen fiecare jum\u0103tate, anumite regiuni controleaz\u0103 func\u021bii [&hellip;]","og_url":"https:\/\/oanaberdila.com\/en\/despre-depresie\/","og_site_name":"Oana Berdil\u0103","article_published_time":"2020-06-23T19:17:29+00:00","article_modified_time":"2025-04-25T21:17:24+00:00","og_image":[{"width":598,"height":441,"url":"https:\/\/oanaberdila.com\/wp-content\/uploads\/2020\/06\/right-brain-left-brain.jpg","type":"image\/jpeg"}],"author":"oana","twitter_card":"summary_large_image","twitter_misc":{"Written by":"oana","Est. reading time":"5 minutes"},"schema":{"@context":"https:\/\/schema.org","@graph":[{"@type":"Article","@id":"https:\/\/oanaberdila.com\/despre-depresie\/#article","isPartOf":{"@id":"https:\/\/oanaberdila.com\/despre-depresie\/"},"author":{"name":"oana","@id":"https:\/\/oanaberdila.com\/#\/schema\/person\/d909dc4967ee8fcc5e5b3494d2bf168f"},"headline":"Creierul uman si emisferele lui","datePublished":"2020-06-23T19:17:29+00:00","dateModified":"2025-04-25T21:17:24+00:00","mainEntityOfPage":{"@id":"https:\/\/oanaberdila.com\/despre-depresie\/"},"wordCount":877,"commentCount":0,"publisher":{"@id":"https:\/\/oanaberdila.com\/#organization"},"image":{"@id":"https:\/\/oanaberdila.com\/despre-depresie\/#primaryimage"},"thumbnailUrl":"https:\/\/oanaberdila.com\/wp-content\/uploads\/2020\/06\/right-brain-left-brain.jpg","articleSection":["Articole"],"inLanguage":"en-US","potentialAction":[{"@type":"CommentAction","name":"Comment","target":["https:\/\/oanaberdila.com\/despre-depresie\/#respond"]}]},{"@type":"WebPage","@id":"https:\/\/oanaberdila.com\/despre-depresie\/","url":"https:\/\/oanaberdila.com\/despre-depresie\/","name":"Creierul uman si emisferele lui - Oana Berdil\u0103","isPartOf":{"@id":"https:\/\/oanaberdila.com\/#website"},"primaryImageOfPage":{"@id":"https:\/\/oanaberdila.com\/despre-depresie\/#primaryimage"},"image":{"@id":"https:\/\/oanaberdila.com\/despre-depresie\/#primaryimage"},"thumbnailUrl":"https:\/\/oanaberdila.com\/wp-content\/uploads\/2020\/06\/right-brain-left-brain.jpg","datePublished":"2020-06-23T19:17:29+00:00","dateModified":"2025-04-25T21:17:24+00:00","breadcrumb":{"@id":"https:\/\/oanaberdila.com\/despre-depresie\/#breadcrumb"},"inLanguage":"en-US","potentialAction":[{"@type":"ReadAction","target":["https:\/\/oanaberdila.com\/despre-depresie\/"]}]},{"@type":"ImageObject","inLanguage":"en-US","@id":"https:\/\/oanaberdila.com\/despre-depresie\/#primaryimage","url":"https:\/\/oanaberdila.com\/wp-content\/uploads\/2020\/06\/right-brain-left-brain.jpg","contentUrl":"https:\/\/oanaberdila.com\/wp-content\/uploads\/2020\/06\/right-brain-left-brain.jpg","width":598,"height":441},{"@type":"BreadcrumbList","@id":"https:\/\/oanaberdila.com\/despre-depresie\/#breadcrumb","itemListElement":[{"@type":"ListItem","position":1,"name":"Prima pagin\u0103","item":"https:\/\/oanaberdila.com\/"},{"@type":"ListItem","position":2,"name":"Creierul uman si emisferele lui"}]},{"@type":"WebSite","@id":"https:\/\/oanaberdila.com\/#website","url":"https:\/\/oanaberdila.com\/","name":"Oana Berdil\u0103","description":"Be SMART by HEART inspirational neurocoaching with Oana Berdil\u0103","publisher":{"@id":"https:\/\/oanaberdila.com\/#organization"},"potentialAction":[{"@type":"SearchAction","target":{"@type":"EntryPoint","urlTemplate":"https:\/\/oanaberdila.com\/?s={search_term_string}"},"query-input":{"@type":"PropertyValueSpecification","valueRequired":true,"valueName":"search_term_string"}}],"inLanguage":"en-US"},{"@type":"Organization","@id":"https:\/\/oanaberdila.com\/#organization","name":"Oana Berdil\u0103","url":"https:\/\/oanaberdila.com\/","logo":{"@type":"ImageObject","inLanguage":"en-US","@id":"https:\/\/oanaberdila.com\/#\/schema\/logo\/image\/","url":"https:\/\/oanaberdila.com\/wp-content\/uploads\/2021\/03\/New-logo-NSROana.png","contentUrl":"https:\/\/oanaberdila.com\/wp-content\/uploads\/2021\/03\/New-logo-NSROana.png","width":1024,"height":1024,"caption":"Oana Berdil\u0103"},"image":{"@id":"https:\/\/oanaberdila.com\/#\/schema\/logo\/image\/"}},{"@type":"Person","@id":"https:\/\/oanaberdila.com\/#\/schema\/person\/d909dc4967ee8fcc5e5b3494d2bf168f","name":"oana","image":{"@type":"ImageObject","inLanguage":"en-US","@id":"https:\/\/oanaberdila.com\/#\/schema\/person\/image\/","url":"https:\/\/oanaberdila.com\/wp-content\/litespeed\/avatar\/3d945f36232b6fb694a9fd2c42a545b8.jpg?ver=1777288582","contentUrl":"https:\/\/oanaberdila.com\/wp-content\/litespeed\/avatar\/3d945f36232b6fb694a9fd2c42a545b8.jpg?ver=1777288582","caption":"oana"},"sameAs":["https:\/\/oanaberdila.com"],"url":"https:\/\/oanaberdila.com\/en\/author\/oana\/"}]}},"_links":{"self":[{"href":"https:\/\/oanaberdila.com\/en\/wp-json\/wp\/v2\/posts\/2839","targetHints":{"allow":["GET"]}}],"collection":[{"href":"https:\/\/oanaberdila.com\/en\/wp-json\/wp\/v2\/posts"}],"about":[{"href":"https:\/\/oanaberdila.com\/en\/wp-json\/wp\/v2\/types\/post"}],"author":[{"embeddable":true,"href":"https:\/\/oanaberdila.com\/en\/wp-json\/wp\/v2\/users\/1"}],"replies":[{"embeddable":true,"href":"https:\/\/oanaberdila.com\/en\/wp-json\/wp\/v2\/comments?post=2839"}],"version-history":[{"count":2,"href":"https:\/\/oanaberdila.com\/en\/wp-json\/wp\/v2\/posts\/2839\/revisions"}],"predecessor-version":[{"id":5666,"href":"https:\/\/oanaberdila.com\/en\/wp-json\/wp\/v2\/posts\/2839\/revisions\/5666"}],"wp:featuredmedia":[{"embeddable":true,"href":"https:\/\/oanaberdila.com\/en\/wp-json\/wp\/v2\/media\/5664"}],"wp:attachment":[{"href":"https:\/\/oanaberdila.com\/en\/wp-json\/wp\/v2\/media?parent=2839"}],"wp:term":[{"taxonomy":"category","embeddable":true,"href":"https:\/\/oanaberdila.com\/en\/wp-json\/wp\/v2\/categories?post=2839"},{"taxonomy":"post_tag","embeddable":true,"href":"https:\/\/oanaberdila.com\/en\/wp-json\/wp\/v2\/tags?post=2839"}],"curies":[{"name":"wp","href":"https:\/\/api.w.org\/{rel}","templated":true}]}}