{"id":2942,"date":"2020-08-05T14:27:28","date_gmt":"2020-08-05T14:27:28","guid":{"rendered":"https:\/\/aflux.ro\/?p=2942"},"modified":"2020-08-05T14:27:28","modified_gmt":"2020-08-05T14:27:28","slug":"caracterul-se-antreneaza","status":"publish","type":"post","link":"https:\/\/oanaberdila.com\/en\/caracterul-se-antreneaza\/","title":{"rendered":"Caracterul se antreneaz\u0103!"},"content":{"rendered":"<p style=\"text-align: justify;\"><span style=\"font-family: verdana, geneva, sans-serif;\">Ne plac oamenii cu caracter puternic, dorim s\u0103 avem un caracter puternic. Dar \u0219tim \u00eentr-adevar ce este caracterul?<\/span><\/p>\n<p style=\"text-align: justify;\"><span style=\"font-family: verdana, geneva, sans-serif;\">Unii inclin\u0103 sa cread\u0103 c\u0103-ti formezi caracterul in primii \u00a0ani de via\u021b\u0103, asa-zi\u0219ii 7 ani de acas\u0103, si gata, a\u0219a defilezi toat\u0103 via\u021ba.<\/span><\/p>\n<p style=\"text-align: justify;\"><span style=\"font-family: verdana, geneva, sans-serif;\">Nimic mai neadev\u0103rat. Tr\u0103s\u0103turi de caracter pe care le aveai c\u00e2nd erai mai t\u00e2nar pot sa dispar\u0103 si probabil c\u0103 ai instalat prin repeti\u021bie altele, poate chiar opuse. Poate c\u0103nd erai mai t\u0103nar auto-disciplina era cea mai pregnant\u0103 caracteristic\u0103 a ta, punctul t\u0103u forte, erai organizat, planificat, activ, determinat. Te ui\u021bi \u00een spate \u0219i te minunezi cum reu\u0219eai sa faci at\u0103tea lucruri \u00eentr-o singur\u0103 zi: \u0219coal\u0103, studiu individual, sport, ie\u0219iri cu prietenii, hobby-uri. Ast\u0103zi realizezi c\u0103 nu mai faci nimic din ce \u00eeti propui si dorin\u021ba nu mai este at\u0103t de motivatoare ca s\u0103 te \u0219i mobilizeze s\u0103 ac\u021bionezi. Mai mult, pe zi ce trece devii tot mai dezam\u0103git de tine pentru c\u0103 am\u00e2ni prin delasare, e\u0219ti demotivat, te ui\u021bi \u00een oglind\u0103 \u0219i nu-\u021bi place ce vezi. Te resemnezi \u0219i-\u021bi c\u00e2nta \u00een minte roman\u021ba \u201c\u00eemb\u0103tr\u00e2nesc \u0219i-mi pare r\u0103u \u201d?!<\/span><\/p>\n<p style=\"text-align: justify;\"><span style=\"font-family: verdana, geneva, sans-serif;\">Ce e diferit acum? Cum ai ajuns aici? Ce s-a schimbat?<\/span><\/p>\n<p style=\"text-align: justify;\"><span style=\"font-family: verdana, geneva, sans-serif;\">Caracterul este de fapt rezultatul unor obiceiuri de g\u00e2ndire repetate la nesf\u00e2rsit \u00een orice situa\u021bie sau conjunctur\u0103. E\u0219ti un om onest, natural, f\u0103r\u0103 s\u0103 te g\u00e2ndesti prea mult la asta, e\u0219ti empatic si \u00eenteleg\u0103tor, prietenos, chiar s\u0103ritor, f\u0103r\u0103 s\u0103 stai prea mult pe g\u00e2nduri, e\u0219ti responsabil si de \u00eencredere f\u0103r\u0103 nici un efort.<\/span><\/p>\n<p style=\"text-align: justify;\"><span style=\"font-family: verdana, geneva, sans-serif;\">Caracterul se educ\u0103 zi de zi prin g\u00e2ndurile tale, deci cuvintele pe care \u021bi le spui \u0219i imaginile pe care le vezi, cu impact direct in emo\u021biile tale generatoare de ac\u021biuni la indigo, care prin repeti\u021bie devin comportamentul tau si deci caracteristica ta de caracter dupa vreo 6 luni de robotism sus\u021binut.<\/span><\/p>\n<p style=\"text-align: justify;\"><span style=\"font-family: verdana, geneva, sans-serif;\"><strong>Caracterul se antreneaz\u0103!<\/strong><\/span><\/p>\n<p style=\"text-align: justify;\"><span style=\"font-family: verdana, geneva, sans-serif;\">Te provoc s\u0103 te opre\u0219ti pentru c\u00e2teva minute \u0219i s\u0103 analizezi ce tr\u0103s\u0103turi de caracter apreciezi la tine \u0219i fac parte din setul t\u0103u de valori, ce caracteristici de caracter ai pierdut \u0219i consideri benefic s\u0103 le reinstalezi \u0219i, de ce nu, care sunt cele pe care ai vrea s\u0103 le instalezi ast\u0103zi, analiz\u00e2nd caractere de oameni pe care \u00eei admiri, \u00eei apreciezi \u0219i \u00eei respec\u021bi.<\/span><\/p>\n<p style=\"text-align: justify;\"><span style=\"font-family: verdana, geneva, sans-serif;\">A\u0219tept r\u0103spunsul t\u0103u, enumera tr\u0103s\u0103turile de caracter valoroase \u021bie, fii o surs\u0103 de inspira\u021bie pentru noi to\u021bi \u00een a ne defini noi oportunit\u0103\u021bi de reinventare!<\/span><\/p>\n<p>&nbsp;<\/p>","protected":false},"excerpt":{"rendered":"<p>Ne plac oamenii cu caracter puternic, dorim s\u0103 avem un caracter puternic. Dar \u0219tim \u00eentr-adevar ce este caracterul? Unii inclin\u0103 sa cread\u0103 c\u0103-ti formezi caracterul in primii \u00a0ani de via\u021b\u0103, asa-zi\u0219ii 7 ani de acas\u0103, si gata, a\u0219a defilezi toat\u0103 via\u021ba. Nimic mai neadev\u0103rat. Tr\u0103s\u0103turi de caracter pe care le aveai c\u00e2nd erai mai t\u00e2nar [&hellip;]<\/p>","protected":false},"author":1,"featured_media":0,"comment_status":"open","ping_status":"open","sticky":false,"template":"","format":"standard","meta":{"_acf_changed":false,"footnotes":""},"categories":[1],"tags":[],"class_list":["post-2942","post","type-post","status-publish","format-standard","hentry","category-articole"],"acf":[],"yoast_head":"<!-- This site is optimized with the Yoast SEO plugin v26.4 - https:\/\/yoast.com\/wordpress\/plugins\/seo\/ -->\n<title>Caracterul se antreneaz\u0103! - Oana Berdil\u0103<\/title>\n<meta name=\"robots\" content=\"index, follow, max-snippet:-1, max-image-preview:large, max-video-preview:-1\" \/>\n<link rel=\"canonical\" href=\"https:\/\/oanaberdila.com\/en\/caracterul-se-antreneaza\/\" \/>\n<meta property=\"og:locale\" content=\"en_US\" \/>\n<meta property=\"og:type\" content=\"article\" \/>\n<meta property=\"og:title\" content=\"Caracterul se antreneaz\u0103! - Oana Berdil\u0103\" \/>\n<meta property=\"og:description\" content=\"Ne plac oamenii cu caracter puternic, dorim s\u0103 avem un caracter puternic. Dar \u0219tim \u00eentr-adevar ce este caracterul? Unii inclin\u0103 sa cread\u0103 c\u0103-ti formezi caracterul in primii \u00a0ani de via\u021b\u0103, asa-zi\u0219ii 7 ani de acas\u0103, si gata, a\u0219a defilezi toat\u0103 via\u021ba. Nimic mai neadev\u0103rat. Tr\u0103s\u0103turi de caracter pe care le aveai c\u00e2nd erai mai t\u00e2nar [&hellip;]\" \/>\n<meta property=\"og:url\" content=\"https:\/\/oanaberdila.com\/en\/caracterul-se-antreneaza\/\" \/>\n<meta property=\"og:site_name\" content=\"Oana Berdil\u0103\" \/>\n<meta property=\"article:published_time\" content=\"2020-08-05T14:27:28+00:00\" \/>\n<meta name=\"author\" content=\"oana\" \/>\n<meta name=\"twitter:card\" content=\"summary_large_image\" \/>\n<meta name=\"twitter:label1\" content=\"Written by\" \/>\n\t<meta name=\"twitter:data1\" content=\"oana\" \/>\n\t<meta name=\"twitter:label2\" content=\"Est. reading time\" \/>\n\t<meta name=\"twitter:data2\" content=\"2 minutes\" \/>\n<script type=\"application\/ld+json\" class=\"yoast-schema-graph\">{\"@context\":\"https:\/\/schema.org\",\"@graph\":[{\"@type\":\"Article\",\"@id\":\"https:\/\/oanaberdila.com\/caracterul-se-antreneaza\/#article\",\"isPartOf\":{\"@id\":\"https:\/\/oanaberdila.com\/caracterul-se-antreneaza\/\"},\"author\":{\"name\":\"oana\",\"@id\":\"https:\/\/oanaberdila.com\/#\/schema\/person\/d909dc4967ee8fcc5e5b3494d2bf168f\"},\"headline\":\"Caracterul se antreneaz\u0103!\",\"datePublished\":\"2020-08-05T14:27:28+00:00\",\"mainEntityOfPage\":{\"@id\":\"https:\/\/oanaberdila.com\/caracterul-se-antreneaza\/\"},\"wordCount\":457,\"commentCount\":0,\"publisher\":{\"@id\":\"https:\/\/oanaberdila.com\/#organization\"},\"articleSection\":[\"Articole\"],\"inLanguage\":\"en-US\",\"potentialAction\":[{\"@type\":\"CommentAction\",\"name\":\"Comment\",\"target\":[\"https:\/\/oanaberdila.com\/caracterul-se-antreneaza\/#respond\"]}]},{\"@type\":\"WebPage\",\"@id\":\"https:\/\/oanaberdila.com\/caracterul-se-antreneaza\/\",\"url\":\"https:\/\/oanaberdila.com\/caracterul-se-antreneaza\/\",\"name\":\"Caracterul se antreneaz\u0103! - Oana Berdil\u0103\",\"isPartOf\":{\"@id\":\"https:\/\/oanaberdila.com\/#website\"},\"datePublished\":\"2020-08-05T14:27:28+00:00\",\"breadcrumb\":{\"@id\":\"https:\/\/oanaberdila.com\/caracterul-se-antreneaza\/#breadcrumb\"},\"inLanguage\":\"en-US\",\"potentialAction\":[{\"@type\":\"ReadAction\",\"target\":[\"https:\/\/oanaberdila.com\/caracterul-se-antreneaza\/\"]}]},{\"@type\":\"BreadcrumbList\",\"@id\":\"https:\/\/oanaberdila.com\/caracterul-se-antreneaza\/#breadcrumb\",\"itemListElement\":[{\"@type\":\"ListItem\",\"position\":1,\"name\":\"Prima pagin\u0103\",\"item\":\"https:\/\/oanaberdila.com\/\"},{\"@type\":\"ListItem\",\"position\":2,\"name\":\"Caracterul se antreneaz\u0103!\"}]},{\"@type\":\"WebSite\",\"@id\":\"https:\/\/oanaberdila.com\/#website\",\"url\":\"https:\/\/oanaberdila.com\/\",\"name\":\"Oana Berdil\u0103\",\"description\":\"Be SMART by HEART inspirational neurocoaching with Oana Berdil\u0103\",\"publisher\":{\"@id\":\"https:\/\/oanaberdila.com\/#organization\"},\"potentialAction\":[{\"@type\":\"SearchAction\",\"target\":{\"@type\":\"EntryPoint\",\"urlTemplate\":\"https:\/\/oanaberdila.com\/?s={search_term_string}\"},\"query-input\":{\"@type\":\"PropertyValueSpecification\",\"valueRequired\":true,\"valueName\":\"search_term_string\"}}],\"inLanguage\":\"en-US\"},{\"@type\":\"Organization\",\"@id\":\"https:\/\/oanaberdila.com\/#organization\",\"name\":\"Oana Berdil\u0103\",\"url\":\"https:\/\/oanaberdila.com\/\",\"logo\":{\"@type\":\"ImageObject\",\"inLanguage\":\"en-US\",\"@id\":\"https:\/\/oanaberdila.com\/#\/schema\/logo\/image\/\",\"url\":\"https:\/\/oanaberdila.com\/wp-content\/uploads\/2021\/03\/New-logo-NSROana.png\",\"contentUrl\":\"https:\/\/oanaberdila.com\/wp-content\/uploads\/2021\/03\/New-logo-NSROana.png\",\"width\":1024,\"height\":1024,\"caption\":\"Oana Berdil\u0103\"},\"image\":{\"@id\":\"https:\/\/oanaberdila.com\/#\/schema\/logo\/image\/\"}},{\"@type\":\"Person\",\"@id\":\"https:\/\/oanaberdila.com\/#\/schema\/person\/d909dc4967ee8fcc5e5b3494d2bf168f\",\"name\":\"oana\",\"image\":{\"@type\":\"ImageObject\",\"inLanguage\":\"en-US\",\"@id\":\"https:\/\/oanaberdila.com\/#\/schema\/person\/image\/\",\"url\":\"https:\/\/oanaberdila.com\/wp-content\/litespeed\/avatar\/3d945f36232b6fb694a9fd2c42a545b8.jpg?ver=1777288582\",\"contentUrl\":\"https:\/\/oanaberdila.com\/wp-content\/litespeed\/avatar\/3d945f36232b6fb694a9fd2c42a545b8.jpg?ver=1777288582\",\"caption\":\"oana\"},\"sameAs\":[\"https:\/\/oanaberdila.com\"],\"url\":\"https:\/\/oanaberdila.com\/en\/author\/oana\/\"}]}<\/script>\n<!-- \/ Yoast SEO plugin. -->","yoast_head_json":{"title":"Caracterul se antreneaz\u0103! - Oana Berdil\u0103","robots":{"index":"index","follow":"follow","max-snippet":"max-snippet:-1","max-image-preview":"max-image-preview:large","max-video-preview":"max-video-preview:-1"},"canonical":"https:\/\/oanaberdila.com\/en\/caracterul-se-antreneaza\/","og_locale":"en_US","og_type":"article","og_title":"Caracterul se antreneaz\u0103! - Oana Berdil\u0103","og_description":"Ne plac oamenii cu caracter puternic, dorim s\u0103 avem un caracter puternic. Dar \u0219tim \u00eentr-adevar ce este caracterul? Unii inclin\u0103 sa cread\u0103 c\u0103-ti formezi caracterul in primii \u00a0ani de via\u021b\u0103, asa-zi\u0219ii 7 ani de acas\u0103, si gata, a\u0219a defilezi toat\u0103 via\u021ba. Nimic mai neadev\u0103rat. Tr\u0103s\u0103turi de caracter pe care le aveai c\u00e2nd erai mai t\u00e2nar [&hellip;]","og_url":"https:\/\/oanaberdila.com\/en\/caracterul-se-antreneaza\/","og_site_name":"Oana Berdil\u0103","article_published_time":"2020-08-05T14:27:28+00:00","author":"oana","twitter_card":"summary_large_image","twitter_misc":{"Written by":"oana","Est. reading time":"2 minutes"},"schema":{"@context":"https:\/\/schema.org","@graph":[{"@type":"Article","@id":"https:\/\/oanaberdila.com\/caracterul-se-antreneaza\/#article","isPartOf":{"@id":"https:\/\/oanaberdila.com\/caracterul-se-antreneaza\/"},"author":{"name":"oana","@id":"https:\/\/oanaberdila.com\/#\/schema\/person\/d909dc4967ee8fcc5e5b3494d2bf168f"},"headline":"Caracterul se antreneaz\u0103!","datePublished":"2020-08-05T14:27:28+00:00","mainEntityOfPage":{"@id":"https:\/\/oanaberdila.com\/caracterul-se-antreneaza\/"},"wordCount":457,"commentCount":0,"publisher":{"@id":"https:\/\/oanaberdila.com\/#organization"},"articleSection":["Articole"],"inLanguage":"en-US","potentialAction":[{"@type":"CommentAction","name":"Comment","target":["https:\/\/oanaberdila.com\/caracterul-se-antreneaza\/#respond"]}]},{"@type":"WebPage","@id":"https:\/\/oanaberdila.com\/caracterul-se-antreneaza\/","url":"https:\/\/oanaberdila.com\/caracterul-se-antreneaza\/","name":"Caracterul se antreneaz\u0103! - Oana Berdil\u0103","isPartOf":{"@id":"https:\/\/oanaberdila.com\/#website"},"datePublished":"2020-08-05T14:27:28+00:00","breadcrumb":{"@id":"https:\/\/oanaberdila.com\/caracterul-se-antreneaza\/#breadcrumb"},"inLanguage":"en-US","potentialAction":[{"@type":"ReadAction","target":["https:\/\/oanaberdila.com\/caracterul-se-antreneaza\/"]}]},{"@type":"BreadcrumbList","@id":"https:\/\/oanaberdila.com\/caracterul-se-antreneaza\/#breadcrumb","itemListElement":[{"@type":"ListItem","position":1,"name":"Prima pagin\u0103","item":"https:\/\/oanaberdila.com\/"},{"@type":"ListItem","position":2,"name":"Caracterul se antreneaz\u0103!"}]},{"@type":"WebSite","@id":"https:\/\/oanaberdila.com\/#website","url":"https:\/\/oanaberdila.com\/","name":"Oana Berdil\u0103","description":"Be SMART by HEART inspirational neurocoaching with Oana Berdil\u0103","publisher":{"@id":"https:\/\/oanaberdila.com\/#organization"},"potentialAction":[{"@type":"SearchAction","target":{"@type":"EntryPoint","urlTemplate":"https:\/\/oanaberdila.com\/?s={search_term_string}"},"query-input":{"@type":"PropertyValueSpecification","valueRequired":true,"valueName":"search_term_string"}}],"inLanguage":"en-US"},{"@type":"Organization","@id":"https:\/\/oanaberdila.com\/#organization","name":"Oana Berdil\u0103","url":"https:\/\/oanaberdila.com\/","logo":{"@type":"ImageObject","inLanguage":"en-US","@id":"https:\/\/oanaberdila.com\/#\/schema\/logo\/image\/","url":"https:\/\/oanaberdila.com\/wp-content\/uploads\/2021\/03\/New-logo-NSROana.png","contentUrl":"https:\/\/oanaberdila.com\/wp-content\/uploads\/2021\/03\/New-logo-NSROana.png","width":1024,"height":1024,"caption":"Oana Berdil\u0103"},"image":{"@id":"https:\/\/oanaberdila.com\/#\/schema\/logo\/image\/"}},{"@type":"Person","@id":"https:\/\/oanaberdila.com\/#\/schema\/person\/d909dc4967ee8fcc5e5b3494d2bf168f","name":"oana","image":{"@type":"ImageObject","inLanguage":"en-US","@id":"https:\/\/oanaberdila.com\/#\/schema\/person\/image\/","url":"https:\/\/oanaberdila.com\/wp-content\/litespeed\/avatar\/3d945f36232b6fb694a9fd2c42a545b8.jpg?ver=1777288582","contentUrl":"https:\/\/oanaberdila.com\/wp-content\/litespeed\/avatar\/3d945f36232b6fb694a9fd2c42a545b8.jpg?ver=1777288582","caption":"oana"},"sameAs":["https:\/\/oanaberdila.com"],"url":"https:\/\/oanaberdila.com\/en\/author\/oana\/"}]}},"_links":{"self":[{"href":"https:\/\/oanaberdila.com\/en\/wp-json\/wp\/v2\/posts\/2942","targetHints":{"allow":["GET"]}}],"collection":[{"href":"https:\/\/oanaberdila.com\/en\/wp-json\/wp\/v2\/posts"}],"about":[{"href":"https:\/\/oanaberdila.com\/en\/wp-json\/wp\/v2\/types\/post"}],"author":[{"embeddable":true,"href":"https:\/\/oanaberdila.com\/en\/wp-json\/wp\/v2\/users\/1"}],"replies":[{"embeddable":true,"href":"https:\/\/oanaberdila.com\/en\/wp-json\/wp\/v2\/comments?post=2942"}],"version-history":[{"count":0,"href":"https:\/\/oanaberdila.com\/en\/wp-json\/wp\/v2\/posts\/2942\/revisions"}],"wp:attachment":[{"href":"https:\/\/oanaberdila.com\/en\/wp-json\/wp\/v2\/media?parent=2942"}],"wp:term":[{"taxonomy":"category","embeddable":true,"href":"https:\/\/oanaberdila.com\/en\/wp-json\/wp\/v2\/categories?post=2942"},{"taxonomy":"post_tag","embeddable":true,"href":"https:\/\/oanaberdila.com\/en\/wp-json\/wp\/v2\/tags?post=2942"}],"curies":[{"name":"wp","href":"https:\/\/api.w.org\/{rel}","templated":true}]}}