{"id":2948,"date":"2020-08-13T23:23:08","date_gmt":"2020-08-13T23:23:08","guid":{"rendered":"https:\/\/aflux.ro\/?p=2948"},"modified":"2020-08-13T23:23:08","modified_gmt":"2020-08-13T23:23:08","slug":"bucla-gandurilor","status":"publish","type":"post","link":"https:\/\/oanaberdila.com\/en\/bucla-gandurilor\/","title":{"rendered":"Bucla de g\u00e2ndire"},"content":{"rendered":"<p style=\"text-align: justify;\"><span style=\"font-family: verdana, geneva, sans-serif; font-size: 14px;\">Mintea ta te ascult\u0103 mereu, 24\/7.<\/span><\/p>\n<p style=\"text-align: justify;\"><span style=\"font-family: verdana, geneva, sans-serif; font-size: 14px;\">Fiecare cuv\u00e2nt pe care \u021bi-l spui si \u00eel g\u00e2nde\u0219ti devine un \u0219ablon pe care mintea ta \u00eel proceseaza \u0219i lucreaz\u0103 responsabil pentru a-l transforma \u00een realitate.<\/span><\/p>\n<p style=\"text-align: justify;\"><span style=\"font-family: verdana, geneva, sans-serif; font-size: 14px;\">Dac\u0103 \u00ee\u021bi spui constant \u201eSunt timid, nu pot vorbi \u00een fa\u021ba oamenilor\u201d sau \u201eNimeni nu m\u0103 va iubi\u201d, ori \u201cBanii mi se scurg printre degete\u201d sau \u201cMemoria m\u0103 las\u0103 pe zi ce trece\u201d, aceste g\u00e2nduri devin realitatea ta, adev\u0103rul t\u0103u.<\/span><\/p>\n<p style=\"text-align: justify;\"><span style=\"font-family: verdana, geneva, sans-serif; font-size: 14px;\"><strong>\u021aine minte\u2026<\/strong><\/span><\/p>\n<p style=\"text-align: justify;\"><span style=\"font-family: verdana, geneva, sans-serif; font-size: 14px;\">G\u00e2ndurile tale devin cuvintele tale,<\/span><\/p>\n<p style=\"text-align: justify;\"><span style=\"font-family: verdana, geneva, sans-serif; font-size: 14px;\">Cuvintele tale devin imaginile tale,<\/span><\/p>\n<p style=\"text-align: justify;\"><span style=\"font-family: verdana, geneva, sans-serif; font-size: 14px;\">Imaginile tale devin emo\u021biile tale,<\/span><\/p>\n<p style=\"text-align: justify;\"><span style=\"font-family: verdana, geneva, sans-serif; font-size: 14px;\">Emo\u021biile tale devin ac\u021biunile tale,<\/span><\/p>\n<p style=\"text-align: justify;\"><span style=\"font-family: verdana, geneva, sans-serif; font-size: 14px;\">Ac\u021biunile tale devin obiceiurile tale,<\/span><\/p>\n<p style=\"text-align: justify;\"><span style=\"font-family: verdana, geneva, sans-serif; font-size: 14px;\">Obiceiurile tale devin valorile tale,<\/span><\/p>\n<p style=\"text-align: justify;\"><span style=\"font-family: verdana, geneva, sans-serif; font-size: 14px;\">Valorile tale devin destinul t\u0103u.<\/span><\/p>\n<p style=\"text-align: justify;\"><span style=\"font-family: verdana, geneva, sans-serif; font-size: 14px;\">Este ceea ce numim bucla negativ\u0103 a g\u00e2ndurilor &#8211; un model de comportament toxic care \u00eencepe cu cuvintele tale otr\u0103vitoare.<\/span><\/p>\n<p style=\"text-align: justify;\"><span style=\"font-family: verdana, geneva, sans-serif; font-size: 14px;\">Cu toate acestea, poti rupe aceast\u0103 bucl\u0103, fac\u00e2nd o modificare simpl\u0103, dar puternic\u0103: schimb\u0103 cuvintele pe care \u021bi le spui \u0219i imaginile pe care le vezi \u0219i \u00een baza aceluia\u0219i algoritm, mintea ta instaleaz\u0103 o bucl\u0103 de g\u00e2ndire pozitiv\u0103.<\/span><\/p>\n<p style=\"text-align: justify;\"><span style=\"font-family: verdana, geneva, sans-serif; font-size: 14px;\"><strong>Dialogul interior ales con\u0219tient este solu\u021bia pentru ca tu s\u0103 creezi schimbarea ta.<\/strong><\/span><\/p>","protected":false},"excerpt":{"rendered":"<p>Mintea ta te ascult\u0103 mereu, 24\/7. Fiecare cuv\u00e2nt pe care \u021bi-l spui si \u00eel g\u00e2nde\u0219ti devine un \u0219ablon pe care mintea ta \u00eel proceseaza \u0219i lucreaz\u0103 responsabil pentru a-l transforma \u00een realitate. Dac\u0103 \u00ee\u021bi spui constant \u201eSunt timid, nu pot vorbi \u00een fa\u021ba oamenilor\u201d sau \u201eNimeni nu m\u0103 va iubi\u201d, ori \u201cBanii mi se scurg [&hellip;]<\/p>","protected":false},"author":1,"featured_media":0,"comment_status":"open","ping_status":"open","sticky":false,"template":"","format":"standard","meta":{"_acf_changed":false,"footnotes":""},"categories":[1],"tags":[],"class_list":["post-2948","post","type-post","status-publish","format-standard","hentry","category-articole"],"acf":[],"yoast_head":"<!-- This site is optimized with the Yoast SEO plugin v26.4 - https:\/\/yoast.com\/wordpress\/plugins\/seo\/ -->\n<title>Bucla de g\u00e2ndire - Oana Berdil\u0103<\/title>\n<meta name=\"robots\" content=\"index, follow, max-snippet:-1, max-image-preview:large, max-video-preview:-1\" \/>\n<link rel=\"canonical\" href=\"https:\/\/oanaberdila.com\/en\/bucla-gandurilor\/\" \/>\n<meta property=\"og:locale\" content=\"en_US\" \/>\n<meta property=\"og:type\" content=\"article\" \/>\n<meta property=\"og:title\" content=\"Bucla de g\u00e2ndire - Oana Berdil\u0103\" \/>\n<meta property=\"og:description\" content=\"Mintea ta te ascult\u0103 mereu, 24\/7. Fiecare cuv\u00e2nt pe care \u021bi-l spui si \u00eel g\u00e2nde\u0219ti devine un \u0219ablon pe care mintea ta \u00eel proceseaza \u0219i lucreaz\u0103 responsabil pentru a-l transforma \u00een realitate. Dac\u0103 \u00ee\u021bi spui constant \u201eSunt timid, nu pot vorbi \u00een fa\u021ba oamenilor\u201d sau \u201eNimeni nu m\u0103 va iubi\u201d, ori \u201cBanii mi se scurg [&hellip;]\" \/>\n<meta property=\"og:url\" content=\"https:\/\/oanaberdila.com\/en\/bucla-gandurilor\/\" \/>\n<meta property=\"og:site_name\" content=\"Oana Berdil\u0103\" \/>\n<meta property=\"article:published_time\" content=\"2020-08-13T23:23:08+00:00\" \/>\n<meta name=\"author\" content=\"oana\" \/>\n<meta name=\"twitter:card\" content=\"summary_large_image\" \/>\n<meta name=\"twitter:label1\" content=\"Written by\" \/>\n\t<meta name=\"twitter:data1\" content=\"oana\" \/>\n\t<meta name=\"twitter:label2\" content=\"Est. reading time\" \/>\n\t<meta name=\"twitter:data2\" content=\"1 minute\" \/>\n<script type=\"application\/ld+json\" class=\"yoast-schema-graph\">{\"@context\":\"https:\/\/schema.org\",\"@graph\":[{\"@type\":\"Article\",\"@id\":\"https:\/\/oanaberdila.com\/bucla-gandurilor\/#article\",\"isPartOf\":{\"@id\":\"https:\/\/oanaberdila.com\/bucla-gandurilor\/\"},\"author\":{\"name\":\"oana\",\"@id\":\"https:\/\/oanaberdila.com\/#\/schema\/person\/d909dc4967ee8fcc5e5b3494d2bf168f\"},\"headline\":\"Bucla de g\u00e2ndire\",\"datePublished\":\"2020-08-13T23:23:08+00:00\",\"mainEntityOfPage\":{\"@id\":\"https:\/\/oanaberdila.com\/bucla-gandurilor\/\"},\"wordCount\":204,\"commentCount\":0,\"publisher\":{\"@id\":\"https:\/\/oanaberdila.com\/#organization\"},\"articleSection\":[\"Articole\"],\"inLanguage\":\"en-US\",\"potentialAction\":[{\"@type\":\"CommentAction\",\"name\":\"Comment\",\"target\":[\"https:\/\/oanaberdila.com\/bucla-gandurilor\/#respond\"]}]},{\"@type\":\"WebPage\",\"@id\":\"https:\/\/oanaberdila.com\/bucla-gandurilor\/\",\"url\":\"https:\/\/oanaberdila.com\/bucla-gandurilor\/\",\"name\":\"Bucla de g\u00e2ndire - Oana Berdil\u0103\",\"isPartOf\":{\"@id\":\"https:\/\/oanaberdila.com\/#website\"},\"datePublished\":\"2020-08-13T23:23:08+00:00\",\"breadcrumb\":{\"@id\":\"https:\/\/oanaberdila.com\/bucla-gandurilor\/#breadcrumb\"},\"inLanguage\":\"en-US\",\"potentialAction\":[{\"@type\":\"ReadAction\",\"target\":[\"https:\/\/oanaberdila.com\/bucla-gandurilor\/\"]}]},{\"@type\":\"BreadcrumbList\",\"@id\":\"https:\/\/oanaberdila.com\/bucla-gandurilor\/#breadcrumb\",\"itemListElement\":[{\"@type\":\"ListItem\",\"position\":1,\"name\":\"Prima pagin\u0103\",\"item\":\"https:\/\/oanaberdila.com\/\"},{\"@type\":\"ListItem\",\"position\":2,\"name\":\"Bucla de g\u00e2ndire\"}]},{\"@type\":\"WebSite\",\"@id\":\"https:\/\/oanaberdila.com\/#website\",\"url\":\"https:\/\/oanaberdila.com\/\",\"name\":\"Oana Berdil\u0103\",\"description\":\"Be SMART by HEART inspirational neurocoaching with Oana Berdil\u0103\",\"publisher\":{\"@id\":\"https:\/\/oanaberdila.com\/#organization\"},\"potentialAction\":[{\"@type\":\"SearchAction\",\"target\":{\"@type\":\"EntryPoint\",\"urlTemplate\":\"https:\/\/oanaberdila.com\/?s={search_term_string}\"},\"query-input\":{\"@type\":\"PropertyValueSpecification\",\"valueRequired\":true,\"valueName\":\"search_term_string\"}}],\"inLanguage\":\"en-US\"},{\"@type\":\"Organization\",\"@id\":\"https:\/\/oanaberdila.com\/#organization\",\"name\":\"Oana Berdil\u0103\",\"url\":\"https:\/\/oanaberdila.com\/\",\"logo\":{\"@type\":\"ImageObject\",\"inLanguage\":\"en-US\",\"@id\":\"https:\/\/oanaberdila.com\/#\/schema\/logo\/image\/\",\"url\":\"https:\/\/oanaberdila.com\/wp-content\/uploads\/2021\/03\/New-logo-NSROana.png\",\"contentUrl\":\"https:\/\/oanaberdila.com\/wp-content\/uploads\/2021\/03\/New-logo-NSROana.png\",\"width\":1024,\"height\":1024,\"caption\":\"Oana Berdil\u0103\"},\"image\":{\"@id\":\"https:\/\/oanaberdila.com\/#\/schema\/logo\/image\/\"}},{\"@type\":\"Person\",\"@id\":\"https:\/\/oanaberdila.com\/#\/schema\/person\/d909dc4967ee8fcc5e5b3494d2bf168f\",\"name\":\"oana\",\"image\":{\"@type\":\"ImageObject\",\"inLanguage\":\"en-US\",\"@id\":\"https:\/\/oanaberdila.com\/#\/schema\/person\/image\/\",\"url\":\"https:\/\/oanaberdila.com\/wp-content\/litespeed\/avatar\/3d945f36232b6fb694a9fd2c42a545b8.jpg?ver=1777288582\",\"contentUrl\":\"https:\/\/oanaberdila.com\/wp-content\/litespeed\/avatar\/3d945f36232b6fb694a9fd2c42a545b8.jpg?ver=1777288582\",\"caption\":\"oana\"},\"sameAs\":[\"https:\/\/oanaberdila.com\"],\"url\":\"https:\/\/oanaberdila.com\/en\/author\/oana\/\"}]}<\/script>\n<!-- \/ Yoast SEO plugin. -->","yoast_head_json":{"title":"Bucla de g\u00e2ndire - Oana Berdil\u0103","robots":{"index":"index","follow":"follow","max-snippet":"max-snippet:-1","max-image-preview":"max-image-preview:large","max-video-preview":"max-video-preview:-1"},"canonical":"https:\/\/oanaberdila.com\/en\/bucla-gandurilor\/","og_locale":"en_US","og_type":"article","og_title":"Bucla de g\u00e2ndire - Oana Berdil\u0103","og_description":"Mintea ta te ascult\u0103 mereu, 24\/7. Fiecare cuv\u00e2nt pe care \u021bi-l spui si \u00eel g\u00e2nde\u0219ti devine un \u0219ablon pe care mintea ta \u00eel proceseaza \u0219i lucreaz\u0103 responsabil pentru a-l transforma \u00een realitate. Dac\u0103 \u00ee\u021bi spui constant \u201eSunt timid, nu pot vorbi \u00een fa\u021ba oamenilor\u201d sau \u201eNimeni nu m\u0103 va iubi\u201d, ori \u201cBanii mi se scurg [&hellip;]","og_url":"https:\/\/oanaberdila.com\/en\/bucla-gandurilor\/","og_site_name":"Oana Berdil\u0103","article_published_time":"2020-08-13T23:23:08+00:00","author":"oana","twitter_card":"summary_large_image","twitter_misc":{"Written by":"oana","Est. reading time":"1 minute"},"schema":{"@context":"https:\/\/schema.org","@graph":[{"@type":"Article","@id":"https:\/\/oanaberdila.com\/bucla-gandurilor\/#article","isPartOf":{"@id":"https:\/\/oanaberdila.com\/bucla-gandurilor\/"},"author":{"name":"oana","@id":"https:\/\/oanaberdila.com\/#\/schema\/person\/d909dc4967ee8fcc5e5b3494d2bf168f"},"headline":"Bucla de g\u00e2ndire","datePublished":"2020-08-13T23:23:08+00:00","mainEntityOfPage":{"@id":"https:\/\/oanaberdila.com\/bucla-gandurilor\/"},"wordCount":204,"commentCount":0,"publisher":{"@id":"https:\/\/oanaberdila.com\/#organization"},"articleSection":["Articole"],"inLanguage":"en-US","potentialAction":[{"@type":"CommentAction","name":"Comment","target":["https:\/\/oanaberdila.com\/bucla-gandurilor\/#respond"]}]},{"@type":"WebPage","@id":"https:\/\/oanaberdila.com\/bucla-gandurilor\/","url":"https:\/\/oanaberdila.com\/bucla-gandurilor\/","name":"Bucla de g\u00e2ndire - Oana Berdil\u0103","isPartOf":{"@id":"https:\/\/oanaberdila.com\/#website"},"datePublished":"2020-08-13T23:23:08+00:00","breadcrumb":{"@id":"https:\/\/oanaberdila.com\/bucla-gandurilor\/#breadcrumb"},"inLanguage":"en-US","potentialAction":[{"@type":"ReadAction","target":["https:\/\/oanaberdila.com\/bucla-gandurilor\/"]}]},{"@type":"BreadcrumbList","@id":"https:\/\/oanaberdila.com\/bucla-gandurilor\/#breadcrumb","itemListElement":[{"@type":"ListItem","position":1,"name":"Prima pagin\u0103","item":"https:\/\/oanaberdila.com\/"},{"@type":"ListItem","position":2,"name":"Bucla de g\u00e2ndire"}]},{"@type":"WebSite","@id":"https:\/\/oanaberdila.com\/#website","url":"https:\/\/oanaberdila.com\/","name":"Oana Berdil\u0103","description":"Be SMART by HEART inspirational neurocoaching with Oana Berdil\u0103","publisher":{"@id":"https:\/\/oanaberdila.com\/#organization"},"potentialAction":[{"@type":"SearchAction","target":{"@type":"EntryPoint","urlTemplate":"https:\/\/oanaberdila.com\/?s={search_term_string}"},"query-input":{"@type":"PropertyValueSpecification","valueRequired":true,"valueName":"search_term_string"}}],"inLanguage":"en-US"},{"@type":"Organization","@id":"https:\/\/oanaberdila.com\/#organization","name":"Oana Berdil\u0103","url":"https:\/\/oanaberdila.com\/","logo":{"@type":"ImageObject","inLanguage":"en-US","@id":"https:\/\/oanaberdila.com\/#\/schema\/logo\/image\/","url":"https:\/\/oanaberdila.com\/wp-content\/uploads\/2021\/03\/New-logo-NSROana.png","contentUrl":"https:\/\/oanaberdila.com\/wp-content\/uploads\/2021\/03\/New-logo-NSROana.png","width":1024,"height":1024,"caption":"Oana Berdil\u0103"},"image":{"@id":"https:\/\/oanaberdila.com\/#\/schema\/logo\/image\/"}},{"@type":"Person","@id":"https:\/\/oanaberdila.com\/#\/schema\/person\/d909dc4967ee8fcc5e5b3494d2bf168f","name":"oana","image":{"@type":"ImageObject","inLanguage":"en-US","@id":"https:\/\/oanaberdila.com\/#\/schema\/person\/image\/","url":"https:\/\/oanaberdila.com\/wp-content\/litespeed\/avatar\/3d945f36232b6fb694a9fd2c42a545b8.jpg?ver=1777288582","contentUrl":"https:\/\/oanaberdila.com\/wp-content\/litespeed\/avatar\/3d945f36232b6fb694a9fd2c42a545b8.jpg?ver=1777288582","caption":"oana"},"sameAs":["https:\/\/oanaberdila.com"],"url":"https:\/\/oanaberdila.com\/en\/author\/oana\/"}]}},"_links":{"self":[{"href":"https:\/\/oanaberdila.com\/en\/wp-json\/wp\/v2\/posts\/2948","targetHints":{"allow":["GET"]}}],"collection":[{"href":"https:\/\/oanaberdila.com\/en\/wp-json\/wp\/v2\/posts"}],"about":[{"href":"https:\/\/oanaberdila.com\/en\/wp-json\/wp\/v2\/types\/post"}],"author":[{"embeddable":true,"href":"https:\/\/oanaberdila.com\/en\/wp-json\/wp\/v2\/users\/1"}],"replies":[{"embeddable":true,"href":"https:\/\/oanaberdila.com\/en\/wp-json\/wp\/v2\/comments?post=2948"}],"version-history":[{"count":0,"href":"https:\/\/oanaberdila.com\/en\/wp-json\/wp\/v2\/posts\/2948\/revisions"}],"wp:attachment":[{"href":"https:\/\/oanaberdila.com\/en\/wp-json\/wp\/v2\/media?parent=2948"}],"wp:term":[{"taxonomy":"category","embeddable":true,"href":"https:\/\/oanaberdila.com\/en\/wp-json\/wp\/v2\/categories?post=2948"},{"taxonomy":"post_tag","embeddable":true,"href":"https:\/\/oanaberdila.com\/en\/wp-json\/wp\/v2\/tags?post=2948"}],"curies":[{"name":"wp","href":"https:\/\/api.w.org\/{rel}","templated":true}]}}