{"id":2977,"date":"2020-10-16T15:36:32","date_gmt":"2020-10-16T15:36:32","guid":{"rendered":"https:\/\/aflux.ro\/?p=2977"},"modified":"2020-10-16T15:36:32","modified_gmt":"2020-10-16T15:36:32","slug":"emotiile-si-impactul-lor-asupra-sanatatii-si-calitatii-vietii-noastre","status":"publish","type":"post","link":"https:\/\/oanaberdila.com\/en\/emotiile-si-impactul-lor-asupra-sanatatii-si-calitatii-vietii-noastre\/","title":{"rendered":"Emo\u021biile \u0219i impactul lor asupra s\u0103n\u0103t\u0103\u021bii \u0219i calit\u0103\u021bii vie\u021bii noastre"},"content":{"rendered":"<p>https:\/\/www.facebook.com\/Antena3Oficial\/videos\/651795492371179\/<\/p>","protected":false},"excerpt":{"rendered":"<p>https:\/\/www.facebook.com\/Antena3Oficial\/videos\/651795492371179\/<\/p>","protected":false},"author":1,"featured_media":0,"comment_status":"open","ping_status":"open","sticky":false,"template":"","format":"standard","meta":{"_acf_changed":false,"footnotes":""},"categories":[1],"tags":[],"class_list":["post-2977","post","type-post","status-publish","format-standard","hentry","category-articole"],"acf":[],"yoast_head":"<!-- This site is optimized with the Yoast SEO plugin v26.4 - https:\/\/yoast.com\/wordpress\/plugins\/seo\/ -->\n<title>Emo\u021biile \u0219i impactul lor asupra s\u0103n\u0103t\u0103\u021bii \u0219i calit\u0103\u021bii vie\u021bii noastre - Oana Berdil\u0103<\/title>\n<meta name=\"robots\" content=\"index, follow, max-snippet:-1, max-image-preview:large, max-video-preview:-1\" \/>\n<link rel=\"canonical\" href=\"https:\/\/oanaberdila.com\/en\/emotiile-si-impactul-lor-asupra-sanatatii-si-calitatii-vietii-noastre\/\" \/>\n<meta property=\"og:locale\" content=\"en_US\" \/>\n<meta property=\"og:type\" content=\"article\" \/>\n<meta property=\"og:title\" content=\"Emo\u021biile \u0219i impactul lor asupra s\u0103n\u0103t\u0103\u021bii \u0219i calit\u0103\u021bii vie\u021bii noastre - Oana Berdil\u0103\" \/>\n<meta property=\"og:description\" content=\"https:\/\/www.facebook.com\/Antena3Oficial\/videos\/651795492371179\/\" \/>\n<meta property=\"og:url\" content=\"https:\/\/oanaberdila.com\/en\/emotiile-si-impactul-lor-asupra-sanatatii-si-calitatii-vietii-noastre\/\" \/>\n<meta property=\"og:site_name\" content=\"Oana Berdil\u0103\" \/>\n<meta property=\"article:published_time\" content=\"2020-10-16T15:36:32+00:00\" \/>\n<meta name=\"author\" content=\"oana\" \/>\n<meta name=\"twitter:card\" content=\"summary_large_image\" \/>\n<meta name=\"twitter:label1\" content=\"Written by\" \/>\n\t<meta name=\"twitter:data1\" content=\"oana\" \/>\n<script type=\"application\/ld+json\" class=\"yoast-schema-graph\">{\"@context\":\"https:\/\/schema.org\",\"@graph\":[{\"@type\":\"Article\",\"@id\":\"https:\/\/oanaberdila.com\/emotiile-si-impactul-lor-asupra-sanatatii-si-calitatii-vietii-noastre\/#article\",\"isPartOf\":{\"@id\":\"https:\/\/oanaberdila.com\/emotiile-si-impactul-lor-asupra-sanatatii-si-calitatii-vietii-noastre\/\"},\"author\":{\"name\":\"oana\",\"@id\":\"https:\/\/oanaberdila.com\/#\/schema\/person\/d909dc4967ee8fcc5e5b3494d2bf168f\"},\"headline\":\"Emo\u021biile \u0219i impactul lor asupra s\u0103n\u0103t\u0103\u021bii \u0219i calit\u0103\u021bii vie\u021bii noastre\",\"datePublished\":\"2020-10-16T15:36:32+00:00\",\"mainEntityOfPage\":{\"@id\":\"https:\/\/oanaberdila.com\/emotiile-si-impactul-lor-asupra-sanatatii-si-calitatii-vietii-noastre\/\"},\"wordCount\":23,\"commentCount\":0,\"publisher\":{\"@id\":\"https:\/\/oanaberdila.com\/#organization\"},\"articleSection\":[\"Articole\"],\"inLanguage\":\"en-US\",\"potentialAction\":[{\"@type\":\"CommentAction\",\"name\":\"Comment\",\"target\":[\"https:\/\/oanaberdila.com\/emotiile-si-impactul-lor-asupra-sanatatii-si-calitatii-vietii-noastre\/#respond\"]}]},{\"@type\":\"WebPage\",\"@id\":\"https:\/\/oanaberdila.com\/emotiile-si-impactul-lor-asupra-sanatatii-si-calitatii-vietii-noastre\/\",\"url\":\"https:\/\/oanaberdila.com\/emotiile-si-impactul-lor-asupra-sanatatii-si-calitatii-vietii-noastre\/\",\"name\":\"Emo\u021biile \u0219i impactul lor asupra s\u0103n\u0103t\u0103\u021bii \u0219i calit\u0103\u021bii vie\u021bii noastre - Oana Berdil\u0103\",\"isPartOf\":{\"@id\":\"https:\/\/oanaberdila.com\/#website\"},\"datePublished\":\"2020-10-16T15:36:32+00:00\",\"breadcrumb\":{\"@id\":\"https:\/\/oanaberdila.com\/emotiile-si-impactul-lor-asupra-sanatatii-si-calitatii-vietii-noastre\/#breadcrumb\"},\"inLanguage\":\"en-US\",\"potentialAction\":[{\"@type\":\"ReadAction\",\"target\":[\"https:\/\/oanaberdila.com\/emotiile-si-impactul-lor-asupra-sanatatii-si-calitatii-vietii-noastre\/\"]}]},{\"@type\":\"BreadcrumbList\",\"@id\":\"https:\/\/oanaberdila.com\/emotiile-si-impactul-lor-asupra-sanatatii-si-calitatii-vietii-noastre\/#breadcrumb\",\"itemListElement\":[{\"@type\":\"ListItem\",\"position\":1,\"name\":\"Prima pagin\u0103\",\"item\":\"https:\/\/oanaberdila.com\/\"},{\"@type\":\"ListItem\",\"position\":2,\"name\":\"Emo\u021biile \u0219i impactul lor asupra s\u0103n\u0103t\u0103\u021bii \u0219i calit\u0103\u021bii vie\u021bii noastre\"}]},{\"@type\":\"WebSite\",\"@id\":\"https:\/\/oanaberdila.com\/#website\",\"url\":\"https:\/\/oanaberdila.com\/\",\"name\":\"Oana Berdil\u0103\",\"description\":\"Be SMART by HEART inspirational neurocoaching with Oana Berdil\u0103\",\"publisher\":{\"@id\":\"https:\/\/oanaberdila.com\/#organization\"},\"potentialAction\":[{\"@type\":\"SearchAction\",\"target\":{\"@type\":\"EntryPoint\",\"urlTemplate\":\"https:\/\/oanaberdila.com\/?s={search_term_string}\"},\"query-input\":{\"@type\":\"PropertyValueSpecification\",\"valueRequired\":true,\"valueName\":\"search_term_string\"}}],\"inLanguage\":\"en-US\"},{\"@type\":\"Organization\",\"@id\":\"https:\/\/oanaberdila.com\/#organization\",\"name\":\"Oana Berdil\u0103\",\"url\":\"https:\/\/oanaberdila.com\/\",\"logo\":{\"@type\":\"ImageObject\",\"inLanguage\":\"en-US\",\"@id\":\"https:\/\/oanaberdila.com\/#\/schema\/logo\/image\/\",\"url\":\"https:\/\/oanaberdila.com\/wp-content\/uploads\/2021\/03\/New-logo-NSROana.png\",\"contentUrl\":\"https:\/\/oanaberdila.com\/wp-content\/uploads\/2021\/03\/New-logo-NSROana.png\",\"width\":1024,\"height\":1024,\"caption\":\"Oana Berdil\u0103\"},\"image\":{\"@id\":\"https:\/\/oanaberdila.com\/#\/schema\/logo\/image\/\"}},{\"@type\":\"Person\",\"@id\":\"https:\/\/oanaberdila.com\/#\/schema\/person\/d909dc4967ee8fcc5e5b3494d2bf168f\",\"name\":\"oana\",\"image\":{\"@type\":\"ImageObject\",\"inLanguage\":\"en-US\",\"@id\":\"https:\/\/oanaberdila.com\/#\/schema\/person\/image\/\",\"url\":\"https:\/\/oanaberdila.com\/wp-content\/litespeed\/avatar\/3d945f36232b6fb694a9fd2c42a545b8.jpg?ver=1777288582\",\"contentUrl\":\"https:\/\/oanaberdila.com\/wp-content\/litespeed\/avatar\/3d945f36232b6fb694a9fd2c42a545b8.jpg?ver=1777288582\",\"caption\":\"oana\"},\"sameAs\":[\"https:\/\/oanaberdila.com\"],\"url\":\"https:\/\/oanaberdila.com\/en\/author\/oana\/\"}]}<\/script>\n<!-- \/ Yoast SEO plugin. -->","yoast_head_json":{"title":"Emo\u021biile \u0219i impactul lor asupra s\u0103n\u0103t\u0103\u021bii \u0219i calit\u0103\u021bii vie\u021bii noastre - Oana Berdil\u0103","robots":{"index":"index","follow":"follow","max-snippet":"max-snippet:-1","max-image-preview":"max-image-preview:large","max-video-preview":"max-video-preview:-1"},"canonical":"https:\/\/oanaberdila.com\/en\/emotiile-si-impactul-lor-asupra-sanatatii-si-calitatii-vietii-noastre\/","og_locale":"en_US","og_type":"article","og_title":"Emo\u021biile \u0219i impactul lor asupra s\u0103n\u0103t\u0103\u021bii \u0219i calit\u0103\u021bii vie\u021bii noastre - Oana Berdil\u0103","og_description":"https:\/\/www.facebook.com\/Antena3Oficial\/videos\/651795492371179\/","og_url":"https:\/\/oanaberdila.com\/en\/emotiile-si-impactul-lor-asupra-sanatatii-si-calitatii-vietii-noastre\/","og_site_name":"Oana Berdil\u0103","article_published_time":"2020-10-16T15:36:32+00:00","author":"oana","twitter_card":"summary_large_image","twitter_misc":{"Written by":"oana"},"schema":{"@context":"https:\/\/schema.org","@graph":[{"@type":"Article","@id":"https:\/\/oanaberdila.com\/emotiile-si-impactul-lor-asupra-sanatatii-si-calitatii-vietii-noastre\/#article","isPartOf":{"@id":"https:\/\/oanaberdila.com\/emotiile-si-impactul-lor-asupra-sanatatii-si-calitatii-vietii-noastre\/"},"author":{"name":"oana","@id":"https:\/\/oanaberdila.com\/#\/schema\/person\/d909dc4967ee8fcc5e5b3494d2bf168f"},"headline":"Emo\u021biile \u0219i impactul lor asupra s\u0103n\u0103t\u0103\u021bii \u0219i calit\u0103\u021bii vie\u021bii noastre","datePublished":"2020-10-16T15:36:32+00:00","mainEntityOfPage":{"@id":"https:\/\/oanaberdila.com\/emotiile-si-impactul-lor-asupra-sanatatii-si-calitatii-vietii-noastre\/"},"wordCount":23,"commentCount":0,"publisher":{"@id":"https:\/\/oanaberdila.com\/#organization"},"articleSection":["Articole"],"inLanguage":"en-US","potentialAction":[{"@type":"CommentAction","name":"Comment","target":["https:\/\/oanaberdila.com\/emotiile-si-impactul-lor-asupra-sanatatii-si-calitatii-vietii-noastre\/#respond"]}]},{"@type":"WebPage","@id":"https:\/\/oanaberdila.com\/emotiile-si-impactul-lor-asupra-sanatatii-si-calitatii-vietii-noastre\/","url":"https:\/\/oanaberdila.com\/emotiile-si-impactul-lor-asupra-sanatatii-si-calitatii-vietii-noastre\/","name":"Emo\u021biile \u0219i impactul lor asupra s\u0103n\u0103t\u0103\u021bii \u0219i calit\u0103\u021bii vie\u021bii noastre - Oana Berdil\u0103","isPartOf":{"@id":"https:\/\/oanaberdila.com\/#website"},"datePublished":"2020-10-16T15:36:32+00:00","breadcrumb":{"@id":"https:\/\/oanaberdila.com\/emotiile-si-impactul-lor-asupra-sanatatii-si-calitatii-vietii-noastre\/#breadcrumb"},"inLanguage":"en-US","potentialAction":[{"@type":"ReadAction","target":["https:\/\/oanaberdila.com\/emotiile-si-impactul-lor-asupra-sanatatii-si-calitatii-vietii-noastre\/"]}]},{"@type":"BreadcrumbList","@id":"https:\/\/oanaberdila.com\/emotiile-si-impactul-lor-asupra-sanatatii-si-calitatii-vietii-noastre\/#breadcrumb","itemListElement":[{"@type":"ListItem","position":1,"name":"Prima pagin\u0103","item":"https:\/\/oanaberdila.com\/"},{"@type":"ListItem","position":2,"name":"Emo\u021biile \u0219i impactul lor asupra s\u0103n\u0103t\u0103\u021bii \u0219i calit\u0103\u021bii vie\u021bii noastre"}]},{"@type":"WebSite","@id":"https:\/\/oanaberdila.com\/#website","url":"https:\/\/oanaberdila.com\/","name":"Oana Berdil\u0103","description":"Be SMART by HEART inspirational neurocoaching with Oana Berdil\u0103","publisher":{"@id":"https:\/\/oanaberdila.com\/#organization"},"potentialAction":[{"@type":"SearchAction","target":{"@type":"EntryPoint","urlTemplate":"https:\/\/oanaberdila.com\/?s={search_term_string}"},"query-input":{"@type":"PropertyValueSpecification","valueRequired":true,"valueName":"search_term_string"}}],"inLanguage":"en-US"},{"@type":"Organization","@id":"https:\/\/oanaberdila.com\/#organization","name":"Oana Berdil\u0103","url":"https:\/\/oanaberdila.com\/","logo":{"@type":"ImageObject","inLanguage":"en-US","@id":"https:\/\/oanaberdila.com\/#\/schema\/logo\/image\/","url":"https:\/\/oanaberdila.com\/wp-content\/uploads\/2021\/03\/New-logo-NSROana.png","contentUrl":"https:\/\/oanaberdila.com\/wp-content\/uploads\/2021\/03\/New-logo-NSROana.png","width":1024,"height":1024,"caption":"Oana Berdil\u0103"},"image":{"@id":"https:\/\/oanaberdila.com\/#\/schema\/logo\/image\/"}},{"@type":"Person","@id":"https:\/\/oanaberdila.com\/#\/schema\/person\/d909dc4967ee8fcc5e5b3494d2bf168f","name":"oana","image":{"@type":"ImageObject","inLanguage":"en-US","@id":"https:\/\/oanaberdila.com\/#\/schema\/person\/image\/","url":"https:\/\/oanaberdila.com\/wp-content\/litespeed\/avatar\/3d945f36232b6fb694a9fd2c42a545b8.jpg?ver=1777288582","contentUrl":"https:\/\/oanaberdila.com\/wp-content\/litespeed\/avatar\/3d945f36232b6fb694a9fd2c42a545b8.jpg?ver=1777288582","caption":"oana"},"sameAs":["https:\/\/oanaberdila.com"],"url":"https:\/\/oanaberdila.com\/en\/author\/oana\/"}]}},"_links":{"self":[{"href":"https:\/\/oanaberdila.com\/en\/wp-json\/wp\/v2\/posts\/2977","targetHints":{"allow":["GET"]}}],"collection":[{"href":"https:\/\/oanaberdila.com\/en\/wp-json\/wp\/v2\/posts"}],"about":[{"href":"https:\/\/oanaberdila.com\/en\/wp-json\/wp\/v2\/types\/post"}],"author":[{"embeddable":true,"href":"https:\/\/oanaberdila.com\/en\/wp-json\/wp\/v2\/users\/1"}],"replies":[{"embeddable":true,"href":"https:\/\/oanaberdila.com\/en\/wp-json\/wp\/v2\/comments?post=2977"}],"version-history":[{"count":0,"href":"https:\/\/oanaberdila.com\/en\/wp-json\/wp\/v2\/posts\/2977\/revisions"}],"wp:attachment":[{"href":"https:\/\/oanaberdila.com\/en\/wp-json\/wp\/v2\/media?parent=2977"}],"wp:term":[{"taxonomy":"category","embeddable":true,"href":"https:\/\/oanaberdila.com\/en\/wp-json\/wp\/v2\/categories?post=2977"},{"taxonomy":"post_tag","embeddable":true,"href":"https:\/\/oanaberdila.com\/en\/wp-json\/wp\/v2\/tags?post=2977"}],"curies":[{"name":"wp","href":"https:\/\/api.w.org\/{rel}","templated":true}]}}