{"id":5613,"date":"2025-04-24T12:13:29","date_gmt":"2025-04-24T09:13:29","guid":{"rendered":"https:\/\/oanaberdila.com\/?p=5613"},"modified":"2025-04-25T23:32:49","modified_gmt":"2025-04-25T20:32:49","slug":"cu-ochelarii-potriviti-oz-ne-arata-lumea-in-noua-culoare-olo","status":"publish","type":"post","link":"https:\/\/oanaberdila.com\/en\/cu-ochelarii-potriviti-oz-ne-arata-lumea-in-noua-culoare-olo\/","title":{"rendered":"Cu ochelarii potrivi\u021bi, Oz ne arat\u0103 lumea \u00een noua culoare: Olo"},"content":{"rendered":"<p><img fetchpriority=\"high\" decoding=\"async\" class=\"\" src=\"https:\/\/oanaberdila.com\/wp-content\/uploads\/2025\/04\/Berkley-scientists-trick-the-eye-into-seeing-new-color-\u2018olo-with-OZ-a-revolutionary-technique_NeuroCoach_Oana-Berdila.jpg-1024x682.webp\" sizes=\"(max-width: 800px) 100vw, 800px\" srcset=\"https:\/\/oanaberdila.com\/wp-content\/uploads\/2025\/04\/Berkley-scientists-trick-the-eye-into-seeing-new-color-\u2018olo-with-OZ-a-revolutionary-technique_NeuroCoach_Oana-Berdila.jpg-1024x682.webp 1024w, https:\/\/oanaberdila.com\/wp-content\/uploads\/2025\/04\/Berkley-scientists-trick-the-eye-into-seeing-new-color-\u2018olo-with-OZ-a-revolutionary-technique_NeuroCoach_Oana-Berdila.jpg-300x200.webp 300w, https:\/\/oanaberdila.com\/wp-content\/uploads\/2025\/04\/Berkley-scientists-trick-the-eye-into-seeing-new-color-\u2018olo-with-OZ-a-revolutionary-technique_NeuroCoach_Oana-Berdila.jpg-768x511.webp 768w, https:\/\/oanaberdila.com\/wp-content\/uploads\/2025\/04\/Berkley-scientists-trick-the-eye-into-seeing-new-color-\u2018olo-with-OZ-a-revolutionary-technique_NeuroCoach_Oana-Berdila.jpg-18x12.webp 18w, https:\/\/oanaberdila.com\/wp-content\/uploads\/2025\/04\/Berkley-scientists-trick-the-eye-into-seeing-new-color-\u2018olo-with-OZ-a-revolutionary-technique_NeuroCoach_Oana-Berdila.jpg-60x40.webp 60w, https:\/\/oanaberdila.com\/wp-content\/uploads\/2025\/04\/Berkley-scientists-trick-the-eye-into-seeing-new-color-\u2018olo-with-OZ-a-revolutionary-technique_NeuroCoach_Oana-Berdila.jpg-110x73.webp 110w, https:\/\/oanaberdila.com\/wp-content\/uploads\/2025\/04\/Berkley-scientists-trick-the-eye-into-seeing-new-color-\u2018olo-with-OZ-a-revolutionary-technique_NeuroCoach_Oana-Berdila.jpg-600x400.webp 600w, https:\/\/oanaberdila.com\/wp-content\/uploads\/2025\/04\/Berkley-scientists-trick-the-eye-into-seeing-new-color-\u2018olo-with-OZ-a-revolutionary-technique_NeuroCoach_Oana-Berdila.jpg.webp 1200w\" alt=\"Cu ochelarii potrivi\u021bi, Oz ne arat\u0103 lumea \u00een noua culoare: Olo! Subiect de introspec\u021bie propus de Oana Berdil\u0103 Neurocoach\" width=\"792\" height=\"528\" \/><\/p>\n<h1 data-start=\"1427\" data-end=\"1491\">Cu ochelarii potrivi\u021bi, Oz ne arat\u0103 lumea \u00een noua culoare: Olo<\/h1>\n<p data-start=\"292\" data-end=\"476\">\ud83d\udd2c C\u00e2nd \u0219tiin\u021ba \u00eent\u00e2lne\u0219te neuroplasticitatea \u0219i percep\u021bia, vedem lumea altfel. La propriu.<br data-start=\"383\" data-end=\"386\" \/>\ud83c\udf08 Povestea unei culori care n-a mai fost v\u0103zut\u0103 niciodat\u0103 \u2014 \u0219i cum ne schimb\u0103 creierul.<\/p>\n<hr data-start=\"478\" data-end=\"481\" \/>\n<p data-start=\"483\" data-end=\"707\">\u00cen romanul clasic <em data-start=\"501\" data-end=\"520\">Vr\u0103jitorul din Oz<\/em>, locuitorii Ora\u0219ului de Smarald purtau ochelari verzi pentru a suporta str\u0103lucirea hipnotizant\u0103 a ora\u0219ului. Totul p\u0103rea mai verde, mai viu, mai intens \u2014 dar era doar o iluzie controlat\u0103.<\/p>\n<p data-start=\"709\" data-end=\"991\">Ast\u0103zi, \u00een lumea \u0219tiin\u021bei reale, cercet\u0103torii de la UC Berkeley ne ofer\u0103 ceva \u0219i mai spectaculos: <strong data-start=\"807\" data-end=\"854\">nu doar o iluzie, ci o culoare complet nou\u0103<\/strong>, care nu exist\u0103 \u00een natur\u0103. Se nume\u0219te <strong data-start=\"893\" data-end=\"900\">olo<\/strong> \u2014 \u0219i o putem vedea doar cu\u2026 ochelarii potrivi\u021bi. Mai exact, cu o tehnologie numit\u0103 <strong data-start=\"984\" data-end=\"990\">Oz<\/strong>.<\/p>\n<hr data-start=\"993\" data-end=\"996\" \/>\n<h2 data-start=\"998\" data-end=\"1058\">Oz: Platforma care p\u0103c\u0103le\u0219te ochiul \u0219i activeaz\u0103 creierul<\/h2>\n<p data-start=\"1060\" data-end=\"1355\">Oz este un sistem optic de mare precizie care folose\u0219te <strong data-start=\"1116\" data-end=\"1141\">micro-impulsuri laser<\/strong> pentru a activa conuri specifice din retina ochiului. Cu aceast\u0103 tehnologie, oamenii de \u0219tiin\u021b\u0103 pot stimula exact <strong data-start=\"1256\" data-end=\"1270\">celulele M<\/strong>, responsabile cu perceperea verdelui \u2014 dar \u00eentr-un mod pe care natura nu \u00eel permite.<\/p>\n<p data-start=\"1357\" data-end=\"1500\">Rezultatul? O culoare pe care nimeni nu a v\u0103zut-o vreodat\u0103: un albastru-verzui profund, intens, hipnotic. Cercet\u0103torii i-au dat numele <strong data-start=\"1492\" data-end=\"1499\">olo<\/strong>.<\/p>\n<blockquote data-start=\"1502\" data-end=\"1798\">\n<p data-start=\"1504\" data-end=\"1798\">\ud83c\udfaf Ce face aceast\u0103 tehnologie at\u00e2t de special\u0103?<br data-start=\"1551\" data-end=\"1554\" \/>Retina nu este doar o parte a ochiului \u2014 este, de fapt, <strong data-start=\"1612\" data-end=\"1639\">o extensie a creierului<\/strong>. Embriologic, ea provine din <strong data-start=\"1669\" data-end=\"1682\">diencefal<\/strong>, ceea ce \u00eenseamn\u0103 c\u0103 atunci c\u00e2nd stimul\u0103m retina\u2026 activ\u0103m creierul.<\/p>\n<p data-start=\"1504\" data-end=\"1798\"><strong data-start=\"1755\" data-end=\"1798\">Vedem diferit pentru c\u0103 g\u00e2ndim diferit.<\/strong><\/p>\n<\/blockquote>\n<hr data-start=\"1800\" data-end=\"1803\" \/>\n<h2 data-start=\"1805\" data-end=\"1857\">Ce \u00eenseamn\u0103 pentru neuroplasticitatea creierului?<\/h2>\n<p data-start=\"1859\" data-end=\"2171\">Aceast\u0103 descoperire nu este doar despre culori. Este despre <strong data-start=\"1919\" data-end=\"1975\">capacitatea creierului de a percepe ceva complet nou<\/strong>, de a crea noi leg\u0103turi neuronale \u0219i de a \u201e\u00eenv\u0103\u021ba\u201d s\u0103 vad\u0103 realitatea altfel. Exact ce lucr\u0103m \u0219i \u00een <strong data-start=\"2076\" data-end=\"2093\">neurocoaching<\/strong>: schimbarea intern\u0103 care transform\u0103 modul \u00een care vedem, percepem, interpret\u0103m lumea ca apoi s-o reprezent\u0103m benefic nou\u0103.<\/p>\n<p data-start=\"2173\" data-end=\"2190\">Cu tehnologia Oz:<\/p>\n<ul data-start=\"2191\" data-end=\"2555\">\n<li data-start=\"2191\" data-end=\"2288\">\n<p data-start=\"2193\" data-end=\"2288\">Cercet\u0103torii pot <strong data-start=\"2210\" data-end=\"2233\">simula boli oculare<\/strong> \u0219i testa tratamente f\u0103r\u0103 a afecta vederea pacientului.<\/p>\n<\/li>\n<li data-start=\"2289\" data-end=\"2419\">\n<p data-start=\"2291\" data-end=\"2419\">Pot studia <strong data-start=\"2302\" data-end=\"2341\">cum proceseaz\u0103 creierul stimuli noi<\/strong> \u2013 un teren fertil pentru neuro\u0219tiin\u021be, neuropsihologie \u0219i neurocoaching transforma\u021bional.<\/p>\n<\/li>\n<li data-start=\"2420\" data-end=\"2555\">\n<p data-start=\"2422\" data-end=\"2555\">Se deschid por\u021bi c\u0103tre <strong data-start=\"2445\" data-end=\"2469\">realitate augmentat\u0103<\/strong> f\u0103r\u0103 ecrane \u2014 imagini proiectate direct \u00een retina noastr\u0103, adaptate min\u021bii fiec\u0103ruia.<\/p>\n<\/li>\n<\/ul>\n<hr data-start=\"2557\" data-end=\"2560\" \/>\n<h2 data-start=\"2562\" data-end=\"2608\">Olo \u2013 o metafor\u0103 vizual\u0103 pentru reinventare<\/h2>\n<p data-start=\"2610\" data-end=\"2875\">C\u00e2nd participan\u021bii au v\u0103zut culoarea olo, unii au descris-o ca fiind mai \u201evie\u201d dec\u00e2t orice verde sau albastru. Al\u021bii au spus c\u0103 nu seam\u0103n\u0103 cu nimic cunoscut.<br data-start=\"2767\" data-end=\"2770\" \/>Totu\u0219i, to\u021bi au fost de acord asupra unui lucru: <strong data-start=\"2819\" data-end=\"2875\">odat\u0103 ce ai v\u0103zut-o, nu mai po\u021bi vedea lumea la fel.<\/strong><\/p>\n<p data-start=\"2877\" data-end=\"3066\">La fel este \u0219i cu procesul de transformare personal\u0103.<br data-start=\"2930\" data-end=\"2933\" \/>C\u00e2nd \u00ee\u021bi pui \u201eochelarii potrivi\u021bi\u201d \u2014 adic\u0103 o nou\u0103 lentil\u0103 mental\u0103, o nou\u0103 perspectiv\u0103 asupra sinelui \u0219i lumii \u2014 totul se rearanjeaz\u0103.<\/p>\n<hr data-start=\"3068\" data-end=\"3071\" \/>\n<h2 data-start=\"3073\" data-end=\"3128\">Concluzie: Neuro\u0219tiin\u021b\u0103, neuropsihologie, neurocoaching \u0219i viitorul percep\u021biei \u0219i interocep\u021biei<\/h2>\n<p data-start=\"3130\" data-end=\"3398\"><strong data-start=\"3130\" data-end=\"3220\">Cu Oz \u0219i culoarea olo, \u0219tiin\u021ba ne arat\u0103 c\u0103 realitatea este mai flexibil\u0103 dec\u00e2t credem.<\/strong><br data-start=\"3220\" data-end=\"3223\" \/>Creierul este capabil s\u0103 simt\u0103, s\u0103 perceap\u0103 \u0219i s\u0103 creeze experien\u021be complet noi.<br data-start=\"3303\" data-end=\"3306\" \/>Iar asta \u00eenseamn\u0103 c\u0103 \u0219i tu po\u021bi face acela\u0219i lucru, \u00een via\u021ba ta, cu instrumentele potrivite.<\/p>\n<p data-start=\"3400\" data-end=\"3617\">\ud83e\udde0 \u00cen programele mele de <strong data-start=\"3425\" data-end=\"3442\">neurocoaching<\/strong>, inclusiv <b>Reset.Recharge.Reinvent \u2013 The Executive Evolution Programme<\/b>, explor\u0103m exact aceast\u0103 flexibilitate. \u00ce\u021bi antrenezi creierul s\u0103 vad\u0103 noi posibilit\u0103\u021bi, s\u0103 r\u0103spund\u0103 diferit, s\u0103 creeze o nou\u0103 realitate.<\/p>\n<blockquote data-start=\"3619\" data-end=\"3759\">\n<p data-start=\"3621\" data-end=\"3759\">Cu ochelarii potrivi\u021bi \u2014 sau cu instrumentele potrivite \u2014 po\u021bi vedea \u201eolo-ul\u201d din via\u021ba ta.<br data-start=\"3712\" data-end=\"3715\" \/>O culoare nou\u0103. O g\u00e2ndire nou\u0103. Un TU nou.<\/p>\n<\/blockquote>\n<p>&nbsp;<\/p>\n<p>&nbsp;<\/p>\n<p><em>Un articol semnat de Oana Berdil\u0103, neurocoach \u0219i fondatoarea Reset.Recharge.Reinvent \u2013 The Executive Evolution Programme<\/em><\/p>","protected":false},"excerpt":{"rendered":"<p>Cu ochelarii potrivi\u021bi, Oz ne arat\u0103 lumea \u00een noua culoare: Olo \ud83d\udd2c C\u00e2nd \u0219tiin\u021ba \u00eent\u00e2lne\u0219te neuroplasticitatea \u0219i percep\u021bia, vedem lumea altfel. La propriu.\ud83c\udf08 Povestea unei culori care n-a mai fost v\u0103zut\u0103 niciodat\u0103 \u2014 \u0219i cum ne schimb\u0103 creierul. \u00cen romanul clasic Vr\u0103jitorul din Oz, locuitorii Ora\u0219ului de Smarald purtau ochelari verzi pentru a suporta str\u0103lucirea [&hellip;]<\/p>","protected":false},"author":1,"featured_media":5614,"comment_status":"open","ping_status":"open","sticky":false,"template":"","format":"standard","meta":{"_acf_changed":false,"footnotes":""},"categories":[1],"tags":[],"class_list":["post-5613","post","type-post","status-publish","format-standard","has-post-thumbnail","hentry","category-articole"],"acf":[],"yoast_head":"<!-- This site is optimized with the Yoast SEO plugin v26.4 - https:\/\/yoast.com\/wordpress\/plugins\/seo\/ -->\n<title>Cu ochelarii potrivi\u021bi, Oz ne arat\u0103 lumea \u00een noua culoare: Olo - Oana Berdil\u0103<\/title>\n<meta name=\"description\" content=\"Descoper\u0103 culoarea olo \u0219i cum activeaz\u0103 neuroplasticitatea prin Oz. Un articol semnat de Oana Berdil\u0103, fondatoarea Reset.Recharge.Reinvent.\" \/>\n<meta name=\"robots\" content=\"index, follow, max-snippet:-1, max-image-preview:large, max-video-preview:-1\" \/>\n<link rel=\"canonical\" href=\"https:\/\/oanaberdila.com\/en\/cu-ochelarii-potriviti-oz-ne-arata-lumea-in-noua-culoare-olo\/\" \/>\n<meta property=\"og:locale\" content=\"en_US\" \/>\n<meta property=\"og:type\" content=\"article\" \/>\n<meta property=\"og:title\" content=\"Cu ochelarii potrivi\u021bi, Oz ne arat\u0103 lumea \u00een noua culoare: Olo - Oana Berdil\u0103\" \/>\n<meta property=\"og:description\" content=\"Descoper\u0103 culoarea olo \u0219i cum activeaz\u0103 neuroplasticitatea prin Oz. Un articol semnat de Oana Berdil\u0103, fondatoarea Reset.Recharge.Reinvent.\" \/>\n<meta property=\"og:url\" content=\"https:\/\/oanaberdila.com\/en\/cu-ochelarii-potriviti-oz-ne-arata-lumea-in-noua-culoare-olo\/\" \/>\n<meta property=\"og:site_name\" content=\"Oana Berdil\u0103\" \/>\n<meta property=\"article:published_time\" content=\"2025-04-24T09:13:29+00:00\" \/>\n<meta property=\"article:modified_time\" content=\"2025-04-25T20:32:49+00:00\" \/>\n<meta property=\"og:image\" content=\"https:\/\/oanaberdila.com\/wp-content\/uploads\/2025\/04\/Berkley-scientists-trick-the-eye-into-seeing-new-color-\u2018olo-with-OZ-a-revolutionary-technique_NeuroCoach_Oana-Berdila.jpg.webp\" \/>\n\t<meta property=\"og:image:width\" content=\"1200\" \/>\n\t<meta property=\"og:image:height\" content=\"799\" \/>\n\t<meta property=\"og:image:type\" content=\"image\/webp\" \/>\n<meta name=\"author\" content=\"oana\" \/>\n<meta name=\"twitter:card\" content=\"summary_large_image\" \/>\n<meta name=\"twitter:label1\" content=\"Written by\" \/>\n\t<meta name=\"twitter:data1\" content=\"oana\" \/>\n\t<meta name=\"twitter:label2\" content=\"Est. reading time\" \/>\n\t<meta name=\"twitter:data2\" content=\"4 minutes\" \/>\n<script type=\"application\/ld+json\" class=\"yoast-schema-graph\">{\"@context\":\"https:\/\/schema.org\",\"@graph\":[{\"@type\":\"Article\",\"@id\":\"https:\/\/oanaberdila.com\/cu-ochelarii-potriviti-oz-ne-arata-lumea-in-noua-culoare-olo\/#article\",\"isPartOf\":{\"@id\":\"https:\/\/oanaberdila.com\/cu-ochelarii-potriviti-oz-ne-arata-lumea-in-noua-culoare-olo\/\"},\"author\":{\"name\":\"oana\",\"@id\":\"https:\/\/oanaberdila.com\/#\/schema\/person\/d909dc4967ee8fcc5e5b3494d2bf168f\"},\"headline\":\"Cu ochelarii potrivi\u021bi, Oz ne arat\u0103 lumea \u00een noua culoare: Olo\",\"datePublished\":\"2025-04-24T09:13:29+00:00\",\"dateModified\":\"2025-04-25T20:32:49+00:00\",\"mainEntityOfPage\":{\"@id\":\"https:\/\/oanaberdila.com\/cu-ochelarii-potriviti-oz-ne-arata-lumea-in-noua-culoare-olo\/\"},\"wordCount\":631,\"commentCount\":0,\"publisher\":{\"@id\":\"https:\/\/oanaberdila.com\/#organization\"},\"image\":{\"@id\":\"https:\/\/oanaberdila.com\/cu-ochelarii-potriviti-oz-ne-arata-lumea-in-noua-culoare-olo\/#primaryimage\"},\"thumbnailUrl\":\"https:\/\/oanaberdila.com\/wp-content\/uploads\/2025\/04\/Berkley-scientists-trick-the-eye-into-seeing-new-color-\u2018olo-with-OZ-a-revolutionary-technique_NeuroCoach_Oana-Berdila.jpg.webp\",\"articleSection\":[\"Articole\"],\"inLanguage\":\"en-US\",\"potentialAction\":[{\"@type\":\"CommentAction\",\"name\":\"Comment\",\"target\":[\"https:\/\/oanaberdila.com\/cu-ochelarii-potriviti-oz-ne-arata-lumea-in-noua-culoare-olo\/#respond\"]}]},{\"@type\":\"WebPage\",\"@id\":\"https:\/\/oanaberdila.com\/cu-ochelarii-potriviti-oz-ne-arata-lumea-in-noua-culoare-olo\/\",\"url\":\"https:\/\/oanaberdila.com\/cu-ochelarii-potriviti-oz-ne-arata-lumea-in-noua-culoare-olo\/\",\"name\":\"Cu ochelarii potrivi\u021bi, Oz ne arat\u0103 lumea \u00een noua culoare: Olo - Oana Berdil\u0103\",\"isPartOf\":{\"@id\":\"https:\/\/oanaberdila.com\/#website\"},\"primaryImageOfPage\":{\"@id\":\"https:\/\/oanaberdila.com\/cu-ochelarii-potriviti-oz-ne-arata-lumea-in-noua-culoare-olo\/#primaryimage\"},\"image\":{\"@id\":\"https:\/\/oanaberdila.com\/cu-ochelarii-potriviti-oz-ne-arata-lumea-in-noua-culoare-olo\/#primaryimage\"},\"thumbnailUrl\":\"https:\/\/oanaberdila.com\/wp-content\/uploads\/2025\/04\/Berkley-scientists-trick-the-eye-into-seeing-new-color-\u2018olo-with-OZ-a-revolutionary-technique_NeuroCoach_Oana-Berdila.jpg.webp\",\"datePublished\":\"2025-04-24T09:13:29+00:00\",\"dateModified\":\"2025-04-25T20:32:49+00:00\",\"description\":\"Descoper\u0103 culoarea olo \u0219i cum activeaz\u0103 neuroplasticitatea prin Oz. Un articol semnat de Oana Berdil\u0103, fondatoarea Reset.Recharge.Reinvent.\",\"breadcrumb\":{\"@id\":\"https:\/\/oanaberdila.com\/cu-ochelarii-potriviti-oz-ne-arata-lumea-in-noua-culoare-olo\/#breadcrumb\"},\"inLanguage\":\"en-US\",\"potentialAction\":[{\"@type\":\"ReadAction\",\"target\":[\"https:\/\/oanaberdila.com\/cu-ochelarii-potriviti-oz-ne-arata-lumea-in-noua-culoare-olo\/\"]}]},{\"@type\":\"ImageObject\",\"inLanguage\":\"en-US\",\"@id\":\"https:\/\/oanaberdila.com\/cu-ochelarii-potriviti-oz-ne-arata-lumea-in-noua-culoare-olo\/#primaryimage\",\"url\":\"https:\/\/oanaberdila.com\/wp-content\/uploads\/2025\/04\/Berkley-scientists-trick-the-eye-into-seeing-new-color-\u2018olo-with-OZ-a-revolutionary-technique_NeuroCoach_Oana-Berdila.jpg.webp\",\"contentUrl\":\"https:\/\/oanaberdila.com\/wp-content\/uploads\/2025\/04\/Berkley-scientists-trick-the-eye-into-seeing-new-color-\u2018olo-with-OZ-a-revolutionary-technique_NeuroCoach_Oana-Berdila.jpg.webp\",\"width\":1200,\"height\":799},{\"@type\":\"BreadcrumbList\",\"@id\":\"https:\/\/oanaberdila.com\/cu-ochelarii-potriviti-oz-ne-arata-lumea-in-noua-culoare-olo\/#breadcrumb\",\"itemListElement\":[{\"@type\":\"ListItem\",\"position\":1,\"name\":\"Prima pagin\u0103\",\"item\":\"https:\/\/oanaberdila.com\/\"},{\"@type\":\"ListItem\",\"position\":2,\"name\":\"Cu ochelarii potrivi\u021bi, Oz ne arat\u0103 lumea \u00een noua culoare: Olo\"}]},{\"@type\":\"WebSite\",\"@id\":\"https:\/\/oanaberdila.com\/#website\",\"url\":\"https:\/\/oanaberdila.com\/\",\"name\":\"Oana Berdil\u0103\",\"description\":\"Be SMART by HEART inspirational neurocoaching with Oana Berdil\u0103\",\"publisher\":{\"@id\":\"https:\/\/oanaberdila.com\/#organization\"},\"potentialAction\":[{\"@type\":\"SearchAction\",\"target\":{\"@type\":\"EntryPoint\",\"urlTemplate\":\"https:\/\/oanaberdila.com\/?s={search_term_string}\"},\"query-input\":{\"@type\":\"PropertyValueSpecification\",\"valueRequired\":true,\"valueName\":\"search_term_string\"}}],\"inLanguage\":\"en-US\"},{\"@type\":\"Organization\",\"@id\":\"https:\/\/oanaberdila.com\/#organization\",\"name\":\"Oana Berdil\u0103\",\"url\":\"https:\/\/oanaberdila.com\/\",\"logo\":{\"@type\":\"ImageObject\",\"inLanguage\":\"en-US\",\"@id\":\"https:\/\/oanaberdila.com\/#\/schema\/logo\/image\/\",\"url\":\"https:\/\/oanaberdila.com\/wp-content\/uploads\/2021\/03\/New-logo-NSROana.png\",\"contentUrl\":\"https:\/\/oanaberdila.com\/wp-content\/uploads\/2021\/03\/New-logo-NSROana.png\",\"width\":1024,\"height\":1024,\"caption\":\"Oana Berdil\u0103\"},\"image\":{\"@id\":\"https:\/\/oanaberdila.com\/#\/schema\/logo\/image\/\"}},{\"@type\":\"Person\",\"@id\":\"https:\/\/oanaberdila.com\/#\/schema\/person\/d909dc4967ee8fcc5e5b3494d2bf168f\",\"name\":\"oana\",\"image\":{\"@type\":\"ImageObject\",\"inLanguage\":\"en-US\",\"@id\":\"https:\/\/oanaberdila.com\/#\/schema\/person\/image\/\",\"url\":\"https:\/\/oanaberdila.com\/wp-content\/litespeed\/avatar\/3d945f36232b6fb694a9fd2c42a545b8.jpg?ver=1777288582\",\"contentUrl\":\"https:\/\/oanaberdila.com\/wp-content\/litespeed\/avatar\/3d945f36232b6fb694a9fd2c42a545b8.jpg?ver=1777288582\",\"caption\":\"oana\"},\"sameAs\":[\"https:\/\/oanaberdila.com\"],\"url\":\"https:\/\/oanaberdila.com\/en\/author\/oana\/\"}]}<\/script>\n<!-- \/ Yoast SEO plugin. -->","yoast_head_json":{"title":"Cu ochelarii potrivi\u021bi, Oz ne arat\u0103 lumea \u00een noua culoare: Olo - Oana Berdil\u0103","description":"Descoper\u0103 culoarea olo \u0219i cum activeaz\u0103 neuroplasticitatea prin Oz. Un articol semnat de Oana Berdil\u0103, fondatoarea Reset.Recharge.Reinvent.","robots":{"index":"index","follow":"follow","max-snippet":"max-snippet:-1","max-image-preview":"max-image-preview:large","max-video-preview":"max-video-preview:-1"},"canonical":"https:\/\/oanaberdila.com\/en\/cu-ochelarii-potriviti-oz-ne-arata-lumea-in-noua-culoare-olo\/","og_locale":"en_US","og_type":"article","og_title":"Cu ochelarii potrivi\u021bi, Oz ne arat\u0103 lumea \u00een noua culoare: Olo - Oana Berdil\u0103","og_description":"Descoper\u0103 culoarea olo \u0219i cum activeaz\u0103 neuroplasticitatea prin Oz. Un articol semnat de Oana Berdil\u0103, fondatoarea Reset.Recharge.Reinvent.","og_url":"https:\/\/oanaberdila.com\/en\/cu-ochelarii-potriviti-oz-ne-arata-lumea-in-noua-culoare-olo\/","og_site_name":"Oana Berdil\u0103","article_published_time":"2025-04-24T09:13:29+00:00","article_modified_time":"2025-04-25T20:32:49+00:00","og_image":[{"width":1200,"height":799,"url":"https:\/\/oanaberdila.com\/wp-content\/uploads\/2025\/04\/Berkley-scientists-trick-the-eye-into-seeing-new-color-\u2018olo-with-OZ-a-revolutionary-technique_NeuroCoach_Oana-Berdila.jpg.webp","type":"image\/webp"}],"author":"oana","twitter_card":"summary_large_image","twitter_misc":{"Written by":"oana","Est. reading time":"4 minutes"},"schema":{"@context":"https:\/\/schema.org","@graph":[{"@type":"Article","@id":"https:\/\/oanaberdila.com\/cu-ochelarii-potriviti-oz-ne-arata-lumea-in-noua-culoare-olo\/#article","isPartOf":{"@id":"https:\/\/oanaberdila.com\/cu-ochelarii-potriviti-oz-ne-arata-lumea-in-noua-culoare-olo\/"},"author":{"name":"oana","@id":"https:\/\/oanaberdila.com\/#\/schema\/person\/d909dc4967ee8fcc5e5b3494d2bf168f"},"headline":"Cu ochelarii potrivi\u021bi, Oz ne arat\u0103 lumea \u00een noua culoare: Olo","datePublished":"2025-04-24T09:13:29+00:00","dateModified":"2025-04-25T20:32:49+00:00","mainEntityOfPage":{"@id":"https:\/\/oanaberdila.com\/cu-ochelarii-potriviti-oz-ne-arata-lumea-in-noua-culoare-olo\/"},"wordCount":631,"commentCount":0,"publisher":{"@id":"https:\/\/oanaberdila.com\/#organization"},"image":{"@id":"https:\/\/oanaberdila.com\/cu-ochelarii-potriviti-oz-ne-arata-lumea-in-noua-culoare-olo\/#primaryimage"},"thumbnailUrl":"https:\/\/oanaberdila.com\/wp-content\/uploads\/2025\/04\/Berkley-scientists-trick-the-eye-into-seeing-new-color-\u2018olo-with-OZ-a-revolutionary-technique_NeuroCoach_Oana-Berdila.jpg.webp","articleSection":["Articole"],"inLanguage":"en-US","potentialAction":[{"@type":"CommentAction","name":"Comment","target":["https:\/\/oanaberdila.com\/cu-ochelarii-potriviti-oz-ne-arata-lumea-in-noua-culoare-olo\/#respond"]}]},{"@type":"WebPage","@id":"https:\/\/oanaberdila.com\/cu-ochelarii-potriviti-oz-ne-arata-lumea-in-noua-culoare-olo\/","url":"https:\/\/oanaberdila.com\/cu-ochelarii-potriviti-oz-ne-arata-lumea-in-noua-culoare-olo\/","name":"Cu ochelarii potrivi\u021bi, Oz ne arat\u0103 lumea \u00een noua culoare: Olo - Oana Berdil\u0103","isPartOf":{"@id":"https:\/\/oanaberdila.com\/#website"},"primaryImageOfPage":{"@id":"https:\/\/oanaberdila.com\/cu-ochelarii-potriviti-oz-ne-arata-lumea-in-noua-culoare-olo\/#primaryimage"},"image":{"@id":"https:\/\/oanaberdila.com\/cu-ochelarii-potriviti-oz-ne-arata-lumea-in-noua-culoare-olo\/#primaryimage"},"thumbnailUrl":"https:\/\/oanaberdila.com\/wp-content\/uploads\/2025\/04\/Berkley-scientists-trick-the-eye-into-seeing-new-color-\u2018olo-with-OZ-a-revolutionary-technique_NeuroCoach_Oana-Berdila.jpg.webp","datePublished":"2025-04-24T09:13:29+00:00","dateModified":"2025-04-25T20:32:49+00:00","description":"Descoper\u0103 culoarea olo \u0219i cum activeaz\u0103 neuroplasticitatea prin Oz. Un articol semnat de Oana Berdil\u0103, fondatoarea Reset.Recharge.Reinvent.","breadcrumb":{"@id":"https:\/\/oanaberdila.com\/cu-ochelarii-potriviti-oz-ne-arata-lumea-in-noua-culoare-olo\/#breadcrumb"},"inLanguage":"en-US","potentialAction":[{"@type":"ReadAction","target":["https:\/\/oanaberdila.com\/cu-ochelarii-potriviti-oz-ne-arata-lumea-in-noua-culoare-olo\/"]}]},{"@type":"ImageObject","inLanguage":"en-US","@id":"https:\/\/oanaberdila.com\/cu-ochelarii-potriviti-oz-ne-arata-lumea-in-noua-culoare-olo\/#primaryimage","url":"https:\/\/oanaberdila.com\/wp-content\/uploads\/2025\/04\/Berkley-scientists-trick-the-eye-into-seeing-new-color-\u2018olo-with-OZ-a-revolutionary-technique_NeuroCoach_Oana-Berdila.jpg.webp","contentUrl":"https:\/\/oanaberdila.com\/wp-content\/uploads\/2025\/04\/Berkley-scientists-trick-the-eye-into-seeing-new-color-\u2018olo-with-OZ-a-revolutionary-technique_NeuroCoach_Oana-Berdila.jpg.webp","width":1200,"height":799},{"@type":"BreadcrumbList","@id":"https:\/\/oanaberdila.com\/cu-ochelarii-potriviti-oz-ne-arata-lumea-in-noua-culoare-olo\/#breadcrumb","itemListElement":[{"@type":"ListItem","position":1,"name":"Prima pagin\u0103","item":"https:\/\/oanaberdila.com\/"},{"@type":"ListItem","position":2,"name":"Cu ochelarii potrivi\u021bi, Oz ne arat\u0103 lumea \u00een noua culoare: Olo"}]},{"@type":"WebSite","@id":"https:\/\/oanaberdila.com\/#website","url":"https:\/\/oanaberdila.com\/","name":"Oana Berdil\u0103","description":"Be SMART by HEART inspirational neurocoaching with Oana Berdil\u0103","publisher":{"@id":"https:\/\/oanaberdila.com\/#organization"},"potentialAction":[{"@type":"SearchAction","target":{"@type":"EntryPoint","urlTemplate":"https:\/\/oanaberdila.com\/?s={search_term_string}"},"query-input":{"@type":"PropertyValueSpecification","valueRequired":true,"valueName":"search_term_string"}}],"inLanguage":"en-US"},{"@type":"Organization","@id":"https:\/\/oanaberdila.com\/#organization","name":"Oana Berdil\u0103","url":"https:\/\/oanaberdila.com\/","logo":{"@type":"ImageObject","inLanguage":"en-US","@id":"https:\/\/oanaberdila.com\/#\/schema\/logo\/image\/","url":"https:\/\/oanaberdila.com\/wp-content\/uploads\/2021\/03\/New-logo-NSROana.png","contentUrl":"https:\/\/oanaberdila.com\/wp-content\/uploads\/2021\/03\/New-logo-NSROana.png","width":1024,"height":1024,"caption":"Oana Berdil\u0103"},"image":{"@id":"https:\/\/oanaberdila.com\/#\/schema\/logo\/image\/"}},{"@type":"Person","@id":"https:\/\/oanaberdila.com\/#\/schema\/person\/d909dc4967ee8fcc5e5b3494d2bf168f","name":"oana","image":{"@type":"ImageObject","inLanguage":"en-US","@id":"https:\/\/oanaberdila.com\/#\/schema\/person\/image\/","url":"https:\/\/oanaberdila.com\/wp-content\/litespeed\/avatar\/3d945f36232b6fb694a9fd2c42a545b8.jpg?ver=1777288582","contentUrl":"https:\/\/oanaberdila.com\/wp-content\/litespeed\/avatar\/3d945f36232b6fb694a9fd2c42a545b8.jpg?ver=1777288582","caption":"oana"},"sameAs":["https:\/\/oanaberdila.com"],"url":"https:\/\/oanaberdila.com\/en\/author\/oana\/"}]}},"_links":{"self":[{"href":"https:\/\/oanaberdila.com\/en\/wp-json\/wp\/v2\/posts\/5613","targetHints":{"allow":["GET"]}}],"collection":[{"href":"https:\/\/oanaberdila.com\/en\/wp-json\/wp\/v2\/posts"}],"about":[{"href":"https:\/\/oanaberdila.com\/en\/wp-json\/wp\/v2\/types\/post"}],"author":[{"embeddable":true,"href":"https:\/\/oanaberdila.com\/en\/wp-json\/wp\/v2\/users\/1"}],"replies":[{"embeddable":true,"href":"https:\/\/oanaberdila.com\/en\/wp-json\/wp\/v2\/comments?post=5613"}],"version-history":[{"count":22,"href":"https:\/\/oanaberdila.com\/en\/wp-json\/wp\/v2\/posts\/5613\/revisions"}],"predecessor-version":[{"id":5658,"href":"https:\/\/oanaberdila.com\/en\/wp-json\/wp\/v2\/posts\/5613\/revisions\/5658"}],"wp:featuredmedia":[{"embeddable":true,"href":"https:\/\/oanaberdila.com\/en\/wp-json\/wp\/v2\/media\/5614"}],"wp:attachment":[{"href":"https:\/\/oanaberdila.com\/en\/wp-json\/wp\/v2\/media?parent=5613"}],"wp:term":[{"taxonomy":"category","embeddable":true,"href":"https:\/\/oanaberdila.com\/en\/wp-json\/wp\/v2\/categories?post=5613"},{"taxonomy":"post_tag","embeddable":true,"href":"https:\/\/oanaberdila.com\/en\/wp-json\/wp\/v2\/tags?post=5613"}],"curies":[{"name":"wp","href":"https:\/\/api.w.org\/{rel}","templated":true}]}}