{"id":5771,"date":"2025-05-06T01:28:11","date_gmt":"2025-05-05T22:28:11","guid":{"rendered":"https:\/\/oanaberdila.com\/?p=5771"},"modified":"2025-05-06T01:31:20","modified_gmt":"2025-05-05T22:31:20","slug":"ce-e-al-tau-te-va-cauta-cand-incetezi-sa-alergi-dupa-ce-nu-ti-apartine","status":"publish","type":"post","link":"https:\/\/oanaberdila.com\/en\/ce-e-al-tau-te-va-cauta-cand-incetezi-sa-alergi-dupa-ce-nu-ti-apartine\/","title":{"rendered":"Ce e al t\u0103u te va c\u0103uta\u2026 c\u00e2nd \u00eencetezi s\u0103 alergi dup\u0103 ce nu-\u021bi apar\u021bine"},"content":{"rendered":"<h2 class=\"\" data-start=\"228\" data-end=\"308\"><strong data-start=\"231\" data-end=\"306\">Ce e al t\u0103u te va c\u0103uta\u2026 c\u00e2nd \u00eencetezi s\u0103 alergi dup\u0103 ce nu-\u021bi apar\u021bine<\/strong><\/h2>\n<p class=\"\" data-start=\"309\" data-end=\"375\"><strong data-start=\"309\" data-end=\"375\">Despre deta\u0219are, claritate \u0219i lini\u0219tea care creeaz\u0103 solu\u021bii<\/strong><\/p>\n<p class=\"\" data-start=\"377\" data-end=\"620\">Tr\u0103im \u00eentr-o cultur\u0103 care glorific\u0103 \u201ea face\u201d ne\u00eencetat. Suntem educa\u021bi s\u0103 credem c\u0103 doar dac\u0103 lupt\u0103m, for\u021b\u0103m \u0219i control\u0103m, ob\u021binem ce ne dorim. \u0218i totu\u0219i&#8230; cu c\u00e2t alergi mai mult dup\u0103 ceva ce nu-\u021bi apar\u021bine, cu at\u00e2t acel ceva se \u00eendep\u0103rteaz\u0103.<\/p>\n<p class=\"\" data-start=\"622\" data-end=\"809\">\ud83d\udd01 Paradoxal, <strong data-start=\"636\" data-end=\"670\">claritatea nu vine din for\u021bare<\/strong>, ci dintr-o stare de lini\u0219te interioar\u0103. O stare <strong>f\u0103r\u0103 ata\u0219ament<\/strong>, \u00een care nu mai e\u0219ti consumat de dorin\u021b\u0103, fric\u0103, control sau validare.<\/p>\n<p class=\"\" data-start=\"811\" data-end=\"1125\">\ud83e\udde0 Din punct de vedere neurologic, atunci c\u00e2nd e\u0219ti prins \u00een modurile de supravie\u021buire \u2013 lupt\u0103, fug\u0103, congelare \u2013 creierul t\u0103u opereaz\u0103 \u00een mod reactiv, dirijat de amigdala \u0219i alte structuri primitive. \u00cen aceast\u0103 stare, <strong data-start=\"1030\" data-end=\"1072\">claritatea dispare, intui\u021bia e blocat\u0103<\/strong>, iar deciziile sunt bazate pe fric\u0103, nu pe aliniere.<\/p>\n<p class=\"\" data-start=\"1127\" data-end=\"1243\">Dar c\u00e2nd \u00eenve\u021bi s\u0103 stai\u2026<br data-start=\"1151\" data-end=\"1154\" \/>S\u0103 respiri\u2026<br data-start=\"1165\" data-end=\"1168\" \/>S\u0103 accep\u021bi c\u0103 \u201edac\u0103 e pentru mine, va veni\u201d\u2026<br data-start=\"1212\" data-end=\"1215\" \/>\u2026se \u00eent\u00e2mpl\u0103 ceva fascinant:<\/p>\n<p class=\"\" data-start=\"1245\" data-end=\"1447\">\u2728 Energia creierului se retrage din mecanismele de stres \u0219i activeaz\u0103 <strong data-start=\"1315\" data-end=\"1352\">cortexul ventro-medial prefrontal<\/strong> \u2013 o zon\u0103 asociat\u0103 cu <strong data-start=\"1374\" data-end=\"1446\">claritate, judecat\u0103 matur\u0103, echilibru emo\u021bional \u0219i luarea deciziilor<\/strong>.<\/p>\n<p class=\"\" data-start=\"1449\" data-end=\"1675\">Mai mult, <strong data-start=\"1459\" data-end=\"1545\">emisfera dreapt\u0103 \u2013 responsabil\u0103 cu intui\u021bia, viziunea de ansamblu \u0219i creativitatea<\/strong> \u2013 \u00eencepe s\u0103 func\u021bioneze mai liber. Abia atunci apar ideile potrivite. Solu\u021biile nefor\u021bate. Oportunit\u0103\u021bile. Sincronicit\u0103\u021bile. Persoanele potrivite. Calea potrivit\u0103.<\/p>\n<p class=\"\" data-start=\"1677\" data-end=\"1853\">\ud83d\udd0d Ce e important de \u00een\u021beles e c\u0103 <strong>practicarea deta\u0219\u0103rii con\u0219tiente nu \u00eenseamn\u0103 pasivitate<\/strong>. Ci o <strong data-start=\"1758\" data-end=\"1789\">prezen\u021b\u0103 relaxat\u0103 \u0219i lucid\u0103 ce deriv\u0103 din eliberarea de ata\u0219amentul care te mistuie, te consum\u0103. <\/strong>O stare de prezen\u021b\u0103 de sine \u00een care ac\u021biunea vine din claritate, nu din nevoie compulsiv\u0103.<\/p>\n<hr class=\"\" data-start=\"1855\" data-end=\"1858\" \/>\n<h3 class=\"\" data-start=\"1860\" data-end=\"1887\">\u00centrebare de reflec\u021bie:<\/h3>\n<p class=\"\" data-start=\"1888\" data-end=\"2002\">Ce vrei acum cu disperare? \u0218i ce s-ar \u00eent\u00e2mpla dac\u0103 ai l\u0103sa acel lucru s\u0103 vin\u0103\u2026 doar dac\u0103 este cu adev\u0103rat al t\u0103u?<\/p>","protected":false},"excerpt":{"rendered":"<p>Ce e al t\u0103u te va c\u0103uta\u2026 c\u00e2nd \u00eencetezi s\u0103 alergi dup\u0103 ce nu-\u021bi apar\u021bine Despre deta\u0219are, claritate \u0219i lini\u0219tea care creeaz\u0103 solu\u021bii Tr\u0103im \u00eentr-o cultur\u0103 care glorific\u0103 \u201ea face\u201d ne\u00eencetat. Suntem educa\u021bi s\u0103 credem c\u0103 doar dac\u0103 lupt\u0103m, for\u021b\u0103m \u0219i control\u0103m, ob\u021binem ce ne dorim. \u0218i totu\u0219i&#8230; cu c\u00e2t alergi mai mult dup\u0103 ceva [&hellip;]<\/p>","protected":false},"author":1,"featured_media":5773,"comment_status":"open","ping_status":"open","sticky":false,"template":"","format":"standard","meta":{"_acf_changed":false,"footnotes":""},"categories":[1],"tags":[],"class_list":["post-5771","post","type-post","status-publish","format-standard","has-post-thumbnail","hentry","category-articole"],"acf":[],"yoast_head":"<!-- This site is optimized with the Yoast SEO plugin v26.4 - https:\/\/yoast.com\/wordpress\/plugins\/seo\/ -->\n<title>Ce e al t\u0103u te va c\u0103uta\u2026 c\u00e2nd \u00eencetezi s\u0103 alergi dup\u0103 ce nu-\u021bi apar\u021bine - Oana Berdil\u0103<\/title>\n<meta name=\"description\" content=\"Descoper\u0103 puterea deta\u0219\u0103rii con\u0219tiente. Claritate, intui\u021bie \u0219i decizii aliniate cu tine. Reset.Recharge.Reinvent. cu NeuroCoach Oana Berdil\u0103.\" \/>\n<meta name=\"robots\" content=\"index, follow, max-snippet:-1, max-image-preview:large, max-video-preview:-1\" \/>\n<link rel=\"canonical\" href=\"https:\/\/oanaberdila.com\/en\/ce-e-al-tau-te-va-cauta-cand-incetezi-sa-alergi-dupa-ce-nu-ti-apartine\/\" \/>\n<meta property=\"og:locale\" content=\"en_US\" \/>\n<meta property=\"og:type\" content=\"article\" \/>\n<meta property=\"og:title\" content=\"Ce e al t\u0103u te va c\u0103uta\u2026 c\u00e2nd \u00eencetezi s\u0103 alergi dup\u0103 ce nu-\u021bi apar\u021bine - Oana Berdil\u0103\" \/>\n<meta property=\"og:description\" content=\"Descoper\u0103 puterea deta\u0219\u0103rii con\u0219tiente. Claritate, intui\u021bie \u0219i decizii aliniate cu tine. Reset.Recharge.Reinvent. cu NeuroCoach Oana Berdil\u0103.\" \/>\n<meta property=\"og:url\" content=\"https:\/\/oanaberdila.com\/en\/ce-e-al-tau-te-va-cauta-cand-incetezi-sa-alergi-dupa-ce-nu-ti-apartine\/\" \/>\n<meta property=\"og:site_name\" content=\"Oana Berdil\u0103\" \/>\n<meta property=\"article:published_time\" content=\"2025-05-05T22:28:11+00:00\" \/>\n<meta property=\"article:modified_time\" content=\"2025-05-05T22:31:20+00:00\" \/>\n<meta property=\"og:image\" content=\"https:\/\/oanaberdila.com\/wp-content\/uploads\/2025\/05\/Ce-e-al-tau-te-va-cauta\u2026-cand-incetezi-sa-alergi-dupa-ce-nu-ti-apartine_NeuroCoach-Oana-Berdila-1.jpg\" \/>\n\t<meta property=\"og:image:width\" content=\"350\" \/>\n\t<meta property=\"og:image:height\" content=\"640\" \/>\n\t<meta property=\"og:image:type\" content=\"image\/jpeg\" \/>\n<meta name=\"author\" content=\"oana\" \/>\n<meta name=\"twitter:card\" content=\"summary_large_image\" \/>\n<meta name=\"twitter:label1\" content=\"Written by\" \/>\n\t<meta name=\"twitter:data1\" content=\"oana\" \/>\n\t<meta name=\"twitter:label2\" content=\"Est. reading time\" \/>\n\t<meta name=\"twitter:data2\" content=\"2 minutes\" \/>\n<script type=\"application\/ld+json\" class=\"yoast-schema-graph\">{\"@context\":\"https:\/\/schema.org\",\"@graph\":[{\"@type\":\"Article\",\"@id\":\"https:\/\/oanaberdila.com\/ce-e-al-tau-te-va-cauta-cand-incetezi-sa-alergi-dupa-ce-nu-ti-apartine\/#article\",\"isPartOf\":{\"@id\":\"https:\/\/oanaberdila.com\/ce-e-al-tau-te-va-cauta-cand-incetezi-sa-alergi-dupa-ce-nu-ti-apartine\/\"},\"author\":{\"name\":\"oana\",\"@id\":\"https:\/\/oanaberdila.com\/#\/schema\/person\/d909dc4967ee8fcc5e5b3494d2bf168f\"},\"headline\":\"Ce e al t\u0103u te va c\u0103uta\u2026 c\u00e2nd \u00eencetezi s\u0103 alergi dup\u0103 ce nu-\u021bi apar\u021bine\",\"datePublished\":\"2025-05-05T22:28:11+00:00\",\"dateModified\":\"2025-05-05T22:31:20+00:00\",\"mainEntityOfPage\":{\"@id\":\"https:\/\/oanaberdila.com\/ce-e-al-tau-te-va-cauta-cand-incetezi-sa-alergi-dupa-ce-nu-ti-apartine\/\"},\"wordCount\":357,\"commentCount\":0,\"publisher\":{\"@id\":\"https:\/\/oanaberdila.com\/#organization\"},\"image\":{\"@id\":\"https:\/\/oanaberdila.com\/ce-e-al-tau-te-va-cauta-cand-incetezi-sa-alergi-dupa-ce-nu-ti-apartine\/#primaryimage\"},\"thumbnailUrl\":\"https:\/\/oanaberdila.com\/wp-content\/uploads\/2025\/05\/Ce-e-al-tau-te-va-cauta\u2026-cand-incetezi-sa-alergi-dupa-ce-nu-ti-apartine_NeuroCoach-Oana-Berdila-1.jpg\",\"articleSection\":[\"Articole\"],\"inLanguage\":\"en-US\",\"potentialAction\":[{\"@type\":\"CommentAction\",\"name\":\"Comment\",\"target\":[\"https:\/\/oanaberdila.com\/ce-e-al-tau-te-va-cauta-cand-incetezi-sa-alergi-dupa-ce-nu-ti-apartine\/#respond\"]}]},{\"@type\":\"WebPage\",\"@id\":\"https:\/\/oanaberdila.com\/ce-e-al-tau-te-va-cauta-cand-incetezi-sa-alergi-dupa-ce-nu-ti-apartine\/\",\"url\":\"https:\/\/oanaberdila.com\/ce-e-al-tau-te-va-cauta-cand-incetezi-sa-alergi-dupa-ce-nu-ti-apartine\/\",\"name\":\"Ce e al t\u0103u te va c\u0103uta\u2026 c\u00e2nd \u00eencetezi s\u0103 alergi dup\u0103 ce nu-\u021bi apar\u021bine - Oana Berdil\u0103\",\"isPartOf\":{\"@id\":\"https:\/\/oanaberdila.com\/#website\"},\"primaryImageOfPage\":{\"@id\":\"https:\/\/oanaberdila.com\/ce-e-al-tau-te-va-cauta-cand-incetezi-sa-alergi-dupa-ce-nu-ti-apartine\/#primaryimage\"},\"image\":{\"@id\":\"https:\/\/oanaberdila.com\/ce-e-al-tau-te-va-cauta-cand-incetezi-sa-alergi-dupa-ce-nu-ti-apartine\/#primaryimage\"},\"thumbnailUrl\":\"https:\/\/oanaberdila.com\/wp-content\/uploads\/2025\/05\/Ce-e-al-tau-te-va-cauta\u2026-cand-incetezi-sa-alergi-dupa-ce-nu-ti-apartine_NeuroCoach-Oana-Berdila-1.jpg\",\"datePublished\":\"2025-05-05T22:28:11+00:00\",\"dateModified\":\"2025-05-05T22:31:20+00:00\",\"description\":\"Descoper\u0103 puterea deta\u0219\u0103rii con\u0219tiente. Claritate, intui\u021bie \u0219i decizii aliniate cu tine. Reset.Recharge.Reinvent. cu NeuroCoach Oana Berdil\u0103.\",\"breadcrumb\":{\"@id\":\"https:\/\/oanaberdila.com\/ce-e-al-tau-te-va-cauta-cand-incetezi-sa-alergi-dupa-ce-nu-ti-apartine\/#breadcrumb\"},\"inLanguage\":\"en-US\",\"potentialAction\":[{\"@type\":\"ReadAction\",\"target\":[\"https:\/\/oanaberdila.com\/ce-e-al-tau-te-va-cauta-cand-incetezi-sa-alergi-dupa-ce-nu-ti-apartine\/\"]}]},{\"@type\":\"ImageObject\",\"inLanguage\":\"en-US\",\"@id\":\"https:\/\/oanaberdila.com\/ce-e-al-tau-te-va-cauta-cand-incetezi-sa-alergi-dupa-ce-nu-ti-apartine\/#primaryimage\",\"url\":\"https:\/\/oanaberdila.com\/wp-content\/uploads\/2025\/05\/Ce-e-al-tau-te-va-cauta\u2026-cand-incetezi-sa-alergi-dupa-ce-nu-ti-apartine_NeuroCoach-Oana-Berdila-1.jpg\",\"contentUrl\":\"https:\/\/oanaberdila.com\/wp-content\/uploads\/2025\/05\/Ce-e-al-tau-te-va-cauta\u2026-cand-incetezi-sa-alergi-dupa-ce-nu-ti-apartine_NeuroCoach-Oana-Berdila-1.jpg\",\"width\":350,\"height\":640,\"caption\":\"Practic\u0103 deta\u0219area con\u0219tient\u0103 \u00een programul Reset.Recharge.Reinvent. cu NeuroCoach OAna Berdil\u0103\"},{\"@type\":\"BreadcrumbList\",\"@id\":\"https:\/\/oanaberdila.com\/ce-e-al-tau-te-va-cauta-cand-incetezi-sa-alergi-dupa-ce-nu-ti-apartine\/#breadcrumb\",\"itemListElement\":[{\"@type\":\"ListItem\",\"position\":1,\"name\":\"Prima pagin\u0103\",\"item\":\"https:\/\/oanaberdila.com\/\"},{\"@type\":\"ListItem\",\"position\":2,\"name\":\"Ce e al t\u0103u te va c\u0103uta\u2026 c\u00e2nd \u00eencetezi s\u0103 alergi dup\u0103 ce nu-\u021bi apar\u021bine\"}]},{\"@type\":\"WebSite\",\"@id\":\"https:\/\/oanaberdila.com\/#website\",\"url\":\"https:\/\/oanaberdila.com\/\",\"name\":\"Oana Berdil\u0103\",\"description\":\"Be SMART by HEART inspirational neurocoaching with Oana Berdil\u0103\",\"publisher\":{\"@id\":\"https:\/\/oanaberdila.com\/#organization\"},\"potentialAction\":[{\"@type\":\"SearchAction\",\"target\":{\"@type\":\"EntryPoint\",\"urlTemplate\":\"https:\/\/oanaberdila.com\/?s={search_term_string}\"},\"query-input\":{\"@type\":\"PropertyValueSpecification\",\"valueRequired\":true,\"valueName\":\"search_term_string\"}}],\"inLanguage\":\"en-US\"},{\"@type\":\"Organization\",\"@id\":\"https:\/\/oanaberdila.com\/#organization\",\"name\":\"Oana Berdil\u0103\",\"url\":\"https:\/\/oanaberdila.com\/\",\"logo\":{\"@type\":\"ImageObject\",\"inLanguage\":\"en-US\",\"@id\":\"https:\/\/oanaberdila.com\/#\/schema\/logo\/image\/\",\"url\":\"https:\/\/oanaberdila.com\/wp-content\/uploads\/2021\/03\/New-logo-NSROana.png\",\"contentUrl\":\"https:\/\/oanaberdila.com\/wp-content\/uploads\/2021\/03\/New-logo-NSROana.png\",\"width\":1024,\"height\":1024,\"caption\":\"Oana Berdil\u0103\"},\"image\":{\"@id\":\"https:\/\/oanaberdila.com\/#\/schema\/logo\/image\/\"}},{\"@type\":\"Person\",\"@id\":\"https:\/\/oanaberdila.com\/#\/schema\/person\/d909dc4967ee8fcc5e5b3494d2bf168f\",\"name\":\"oana\",\"image\":{\"@type\":\"ImageObject\",\"inLanguage\":\"en-US\",\"@id\":\"https:\/\/oanaberdila.com\/#\/schema\/person\/image\/\",\"url\":\"https:\/\/oanaberdila.com\/wp-content\/litespeed\/avatar\/3d945f36232b6fb694a9fd2c42a545b8.jpg?ver=1777288582\",\"contentUrl\":\"https:\/\/oanaberdila.com\/wp-content\/litespeed\/avatar\/3d945f36232b6fb694a9fd2c42a545b8.jpg?ver=1777288582\",\"caption\":\"oana\"},\"sameAs\":[\"https:\/\/oanaberdila.com\"],\"url\":\"https:\/\/oanaberdila.com\/en\/author\/oana\/\"}]}<\/script>\n<!-- \/ Yoast SEO plugin. -->","yoast_head_json":{"title":"Ce e al t\u0103u te va c\u0103uta\u2026 c\u00e2nd \u00eencetezi s\u0103 alergi dup\u0103 ce nu-\u021bi apar\u021bine - Oana Berdil\u0103","description":"Descoper\u0103 puterea deta\u0219\u0103rii con\u0219tiente. Claritate, intui\u021bie \u0219i decizii aliniate cu tine. Reset.Recharge.Reinvent. cu NeuroCoach Oana Berdil\u0103.","robots":{"index":"index","follow":"follow","max-snippet":"max-snippet:-1","max-image-preview":"max-image-preview:large","max-video-preview":"max-video-preview:-1"},"canonical":"https:\/\/oanaberdila.com\/en\/ce-e-al-tau-te-va-cauta-cand-incetezi-sa-alergi-dupa-ce-nu-ti-apartine\/","og_locale":"en_US","og_type":"article","og_title":"Ce e al t\u0103u te va c\u0103uta\u2026 c\u00e2nd \u00eencetezi s\u0103 alergi dup\u0103 ce nu-\u021bi apar\u021bine - Oana Berdil\u0103","og_description":"Descoper\u0103 puterea deta\u0219\u0103rii con\u0219tiente. Claritate, intui\u021bie \u0219i decizii aliniate cu tine. Reset.Recharge.Reinvent. cu NeuroCoach Oana Berdil\u0103.","og_url":"https:\/\/oanaberdila.com\/en\/ce-e-al-tau-te-va-cauta-cand-incetezi-sa-alergi-dupa-ce-nu-ti-apartine\/","og_site_name":"Oana Berdil\u0103","article_published_time":"2025-05-05T22:28:11+00:00","article_modified_time":"2025-05-05T22:31:20+00:00","og_image":[{"width":350,"height":640,"url":"https:\/\/oanaberdila.com\/wp-content\/uploads\/2025\/05\/Ce-e-al-tau-te-va-cauta\u2026-cand-incetezi-sa-alergi-dupa-ce-nu-ti-apartine_NeuroCoach-Oana-Berdila-1.jpg","type":"image\/jpeg"}],"author":"oana","twitter_card":"summary_large_image","twitter_misc":{"Written by":"oana","Est. reading time":"2 minutes"},"schema":{"@context":"https:\/\/schema.org","@graph":[{"@type":"Article","@id":"https:\/\/oanaberdila.com\/ce-e-al-tau-te-va-cauta-cand-incetezi-sa-alergi-dupa-ce-nu-ti-apartine\/#article","isPartOf":{"@id":"https:\/\/oanaberdila.com\/ce-e-al-tau-te-va-cauta-cand-incetezi-sa-alergi-dupa-ce-nu-ti-apartine\/"},"author":{"name":"oana","@id":"https:\/\/oanaberdila.com\/#\/schema\/person\/d909dc4967ee8fcc5e5b3494d2bf168f"},"headline":"Ce e al t\u0103u te va c\u0103uta\u2026 c\u00e2nd \u00eencetezi s\u0103 alergi dup\u0103 ce nu-\u021bi apar\u021bine","datePublished":"2025-05-05T22:28:11+00:00","dateModified":"2025-05-05T22:31:20+00:00","mainEntityOfPage":{"@id":"https:\/\/oanaberdila.com\/ce-e-al-tau-te-va-cauta-cand-incetezi-sa-alergi-dupa-ce-nu-ti-apartine\/"},"wordCount":357,"commentCount":0,"publisher":{"@id":"https:\/\/oanaberdila.com\/#organization"},"image":{"@id":"https:\/\/oanaberdila.com\/ce-e-al-tau-te-va-cauta-cand-incetezi-sa-alergi-dupa-ce-nu-ti-apartine\/#primaryimage"},"thumbnailUrl":"https:\/\/oanaberdila.com\/wp-content\/uploads\/2025\/05\/Ce-e-al-tau-te-va-cauta\u2026-cand-incetezi-sa-alergi-dupa-ce-nu-ti-apartine_NeuroCoach-Oana-Berdila-1.jpg","articleSection":["Articole"],"inLanguage":"en-US","potentialAction":[{"@type":"CommentAction","name":"Comment","target":["https:\/\/oanaberdila.com\/ce-e-al-tau-te-va-cauta-cand-incetezi-sa-alergi-dupa-ce-nu-ti-apartine\/#respond"]}]},{"@type":"WebPage","@id":"https:\/\/oanaberdila.com\/ce-e-al-tau-te-va-cauta-cand-incetezi-sa-alergi-dupa-ce-nu-ti-apartine\/","url":"https:\/\/oanaberdila.com\/ce-e-al-tau-te-va-cauta-cand-incetezi-sa-alergi-dupa-ce-nu-ti-apartine\/","name":"Ce e al t\u0103u te va c\u0103uta\u2026 c\u00e2nd \u00eencetezi s\u0103 alergi dup\u0103 ce nu-\u021bi apar\u021bine - Oana Berdil\u0103","isPartOf":{"@id":"https:\/\/oanaberdila.com\/#website"},"primaryImageOfPage":{"@id":"https:\/\/oanaberdila.com\/ce-e-al-tau-te-va-cauta-cand-incetezi-sa-alergi-dupa-ce-nu-ti-apartine\/#primaryimage"},"image":{"@id":"https:\/\/oanaberdila.com\/ce-e-al-tau-te-va-cauta-cand-incetezi-sa-alergi-dupa-ce-nu-ti-apartine\/#primaryimage"},"thumbnailUrl":"https:\/\/oanaberdila.com\/wp-content\/uploads\/2025\/05\/Ce-e-al-tau-te-va-cauta\u2026-cand-incetezi-sa-alergi-dupa-ce-nu-ti-apartine_NeuroCoach-Oana-Berdila-1.jpg","datePublished":"2025-05-05T22:28:11+00:00","dateModified":"2025-05-05T22:31:20+00:00","description":"Descoper\u0103 puterea deta\u0219\u0103rii con\u0219tiente. Claritate, intui\u021bie \u0219i decizii aliniate cu tine. Reset.Recharge.Reinvent. cu NeuroCoach Oana Berdil\u0103.","breadcrumb":{"@id":"https:\/\/oanaberdila.com\/ce-e-al-tau-te-va-cauta-cand-incetezi-sa-alergi-dupa-ce-nu-ti-apartine\/#breadcrumb"},"inLanguage":"en-US","potentialAction":[{"@type":"ReadAction","target":["https:\/\/oanaberdila.com\/ce-e-al-tau-te-va-cauta-cand-incetezi-sa-alergi-dupa-ce-nu-ti-apartine\/"]}]},{"@type":"ImageObject","inLanguage":"en-US","@id":"https:\/\/oanaberdila.com\/ce-e-al-tau-te-va-cauta-cand-incetezi-sa-alergi-dupa-ce-nu-ti-apartine\/#primaryimage","url":"https:\/\/oanaberdila.com\/wp-content\/uploads\/2025\/05\/Ce-e-al-tau-te-va-cauta\u2026-cand-incetezi-sa-alergi-dupa-ce-nu-ti-apartine_NeuroCoach-Oana-Berdila-1.jpg","contentUrl":"https:\/\/oanaberdila.com\/wp-content\/uploads\/2025\/05\/Ce-e-al-tau-te-va-cauta\u2026-cand-incetezi-sa-alergi-dupa-ce-nu-ti-apartine_NeuroCoach-Oana-Berdila-1.jpg","width":350,"height":640,"caption":"Practic\u0103 deta\u0219area con\u0219tient\u0103 \u00een programul Reset.Recharge.Reinvent. cu NeuroCoach OAna Berdil\u0103"},{"@type":"BreadcrumbList","@id":"https:\/\/oanaberdila.com\/ce-e-al-tau-te-va-cauta-cand-incetezi-sa-alergi-dupa-ce-nu-ti-apartine\/#breadcrumb","itemListElement":[{"@type":"ListItem","position":1,"name":"Prima pagin\u0103","item":"https:\/\/oanaberdila.com\/"},{"@type":"ListItem","position":2,"name":"Ce e al t\u0103u te va c\u0103uta\u2026 c\u00e2nd \u00eencetezi s\u0103 alergi dup\u0103 ce nu-\u021bi apar\u021bine"}]},{"@type":"WebSite","@id":"https:\/\/oanaberdila.com\/#website","url":"https:\/\/oanaberdila.com\/","name":"Oana Berdil\u0103","description":"Be SMART by HEART inspirational neurocoaching with Oana Berdil\u0103","publisher":{"@id":"https:\/\/oanaberdila.com\/#organization"},"potentialAction":[{"@type":"SearchAction","target":{"@type":"EntryPoint","urlTemplate":"https:\/\/oanaberdila.com\/?s={search_term_string}"},"query-input":{"@type":"PropertyValueSpecification","valueRequired":true,"valueName":"search_term_string"}}],"inLanguage":"en-US"},{"@type":"Organization","@id":"https:\/\/oanaberdila.com\/#organization","name":"Oana Berdil\u0103","url":"https:\/\/oanaberdila.com\/","logo":{"@type":"ImageObject","inLanguage":"en-US","@id":"https:\/\/oanaberdila.com\/#\/schema\/logo\/image\/","url":"https:\/\/oanaberdila.com\/wp-content\/uploads\/2021\/03\/New-logo-NSROana.png","contentUrl":"https:\/\/oanaberdila.com\/wp-content\/uploads\/2021\/03\/New-logo-NSROana.png","width":1024,"height":1024,"caption":"Oana Berdil\u0103"},"image":{"@id":"https:\/\/oanaberdila.com\/#\/schema\/logo\/image\/"}},{"@type":"Person","@id":"https:\/\/oanaberdila.com\/#\/schema\/person\/d909dc4967ee8fcc5e5b3494d2bf168f","name":"oana","image":{"@type":"ImageObject","inLanguage":"en-US","@id":"https:\/\/oanaberdila.com\/#\/schema\/person\/image\/","url":"https:\/\/oanaberdila.com\/wp-content\/litespeed\/avatar\/3d945f36232b6fb694a9fd2c42a545b8.jpg?ver=1777288582","contentUrl":"https:\/\/oanaberdila.com\/wp-content\/litespeed\/avatar\/3d945f36232b6fb694a9fd2c42a545b8.jpg?ver=1777288582","caption":"oana"},"sameAs":["https:\/\/oanaberdila.com"],"url":"https:\/\/oanaberdila.com\/en\/author\/oana\/"}]}},"_links":{"self":[{"href":"https:\/\/oanaberdila.com\/en\/wp-json\/wp\/v2\/posts\/5771","targetHints":{"allow":["GET"]}}],"collection":[{"href":"https:\/\/oanaberdila.com\/en\/wp-json\/wp\/v2\/posts"}],"about":[{"href":"https:\/\/oanaberdila.com\/en\/wp-json\/wp\/v2\/types\/post"}],"author":[{"embeddable":true,"href":"https:\/\/oanaberdila.com\/en\/wp-json\/wp\/v2\/users\/1"}],"replies":[{"embeddable":true,"href":"https:\/\/oanaberdila.com\/en\/wp-json\/wp\/v2\/comments?post=5771"}],"version-history":[{"count":1,"href":"https:\/\/oanaberdila.com\/en\/wp-json\/wp\/v2\/posts\/5771\/revisions"}],"predecessor-version":[{"id":5774,"href":"https:\/\/oanaberdila.com\/en\/wp-json\/wp\/v2\/posts\/5771\/revisions\/5774"}],"wp:featuredmedia":[{"embeddable":true,"href":"https:\/\/oanaberdila.com\/en\/wp-json\/wp\/v2\/media\/5773"}],"wp:attachment":[{"href":"https:\/\/oanaberdila.com\/en\/wp-json\/wp\/v2\/media?parent=5771"}],"wp:term":[{"taxonomy":"category","embeddable":true,"href":"https:\/\/oanaberdila.com\/en\/wp-json\/wp\/v2\/categories?post=5771"},{"taxonomy":"post_tag","embeddable":true,"href":"https:\/\/oanaberdila.com\/en\/wp-json\/wp\/v2\/tags?post=5771"}],"curies":[{"name":"wp","href":"https:\/\/api.w.org\/{rel}","templated":true}]}}